{"id":57275,"date":"2023-07-06T23:21:28","date_gmt":"2023-07-07T04:21:28","guid":{"rendered":"http:\/\/www.zonaroja.com.mx\/?p=57275"},"modified":"2023-07-06T23:21:31","modified_gmt":"2023-07-07T04:21:31","slug":"violencia-criminal-incesante-asesinan-a-4-personas-en-oaxaca-este-jueves","status":"publish","type":"post","link":"https:\/\/zonaroja.com.mx\/?p=57275","title":{"rendered":"Violencia criminal incesante: asesinan a 4 personas en Oaxaca, este jueves"},"content":{"rendered":"\n<p>Redacci\u00f3n\/Zona Roja.<\/p>\n\n\n\n<p>Oaxaca de Ju\u00e1rez, Oax., a 6 de julio de 2023.- Al menos cuatro personas fueron asesinadas a balazos este jueves en el estado de Oaxaca.<\/p>\n\n\n\n<p>Los tres recientes casos ocurrieron esta tarde en la carretera local que comunica a Santa Catarina Juquila con R\u00edo Grande, Tututepec, en la regi\u00f3n de la Costa.<\/p>\n\n\n\n<p>A la altura de la comunidad de San Marcos Zacatepec, un grupo armado atac\u00f3 a una familia en el interior de su veh\u00edculo y asesin\u00f3 a tres personas, se inform\u00f3 de manera preliminar.<\/p>\n\n\n\n<p>Mientras que la ma\u00f1ana de hoy, en el municipio de Santa Cruz Amilpas, conurbado a la capital, fue ejecutado a balazos un individuo en el interior de un taxi marca Nissan, tipo Tsuru, con placas de circulaci\u00f3n W26-AZA, de la Ciudad de M\u00e9xico.<\/p>\n\n\n\n<p>El cuerpo fue hallado en la calle Naranjales de la colonia Llano Verde; de manera preliminar, fue identificado como Marco Antonio Z. A., originario de la regi\u00f3n de la Sierra Sur.<\/p>\n\n\n\n<p>Hasta el momento se desconoce el m\u00f3vil de las agresiones armadas y la Fiscal\u00eda General del Estado de Oaxaca inici\u00f3 con las indagatorias correspondientes.<\/p>\n\n\n\n<figure class=\"wp-block-embed is-type-rich is-provider-twitter wp-block-embed-twitter\"><div class=\"wp-block-embed__wrapper\">\n<div class=\"twitter-tweet\"><blockquote class=\"twitter-tweet\" data-lang=\"es\"><p lang=\"es\" dir=\"ltr\"><a href=\"https:\/\/twitter.com\/hashtag\/%C3%9AltimoMinuto?src=hash&amp;ref_src=twsrc%5Etfw\">#\u00daltimoMinuto<\/a> <br>Esta ma\u00f1ana, una persona fue ejecutada a balazos en su veh\u00edculo, en la colonia Llano Verde de Santa Cruz Amilpas, municipio conurbado a la capital de <a href=\"https:\/\/twitter.com\/hashtag\/Oaxaca?src=hash&amp;ref_src=twsrc%5Etfw\">#Oaxaca<\/a>. <a href=\"https:\/\/t.co\/YgVYikQwk1\">pic.twitter.com\/YgVYikQwk1<\/a><\/p>&mdash; Zona Roja Oaxaca (@ZonaRoja_Oaxaca) <a href=\"https:\/\/twitter.com\/ZonaRoja_Oaxaca\/status\/1676965180507557888?ref_src=twsrc%5Etfw\">6 de julio de 2023<\/a><\/blockquote><\/div>\n<\/div><\/figure>\n","protected":false},"excerpt":{"rendered":"<p>Redacci\u00f3n\/Zona Roja. Oaxaca de Ju\u00e1rez, Oax., a 6 de julio de 2023.- Al menos cuatro&hellip;<\/p>\n","protected":false},"author":2,"featured_media":57276,"comment_status":"closed","ping_status":"open","sticky":false,"template":"","format":"standard","meta":{"_lmt_disableupdate":"","_lmt_disable":"","_jetpack_memberships_contains_paid_content":false,"footnotes":""},"categories":[109,51],"tags":[2046],"class_list":["post-57275","post","type-post","status-publish","format-standard","has-post-thumbnail","hentry","category-minuto-a-minuto","category-zona-roja","tag-santa-cruz-amilpas"],"jetpack_featured_media_url":"https:\/\/zonaroja.com.mx\/wp-content\/uploads\/2023\/07\/Ejecutado-Santa-CRuz-Amilpas.jpg","jetpack_sharing_enabled":true,"_links":{"self":[{"href":"https:\/\/zonaroja.com.mx\/index.php?rest_route=\/wp\/v2\/posts\/57275","targetHints":{"allow":["GET"]}}],"collection":[{"href":"https:\/\/zonaroja.com.mx\/index.php?rest_route=\/wp\/v2\/posts"}],"about":[{"href":"https:\/\/zonaroja.com.mx\/index.php?rest_route=\/wp\/v2\/types\/post"}],"author":[{"embeddable":true,"href":"https:\/\/zonaroja.com.mx\/index.php?rest_route=\/wp\/v2\/users\/2"}],"replies":[{"embeddable":true,"href":"https:\/\/zonaroja.com.mx\/index.php?rest_route=%2Fwp%2Fv2%2Fcomments&post=57275"}],"version-history":[{"count":1,"href":"https:\/\/zonaroja.com.mx\/index.php?rest_route=\/wp\/v2\/posts\/57275\/revisions"}],"predecessor-version":[{"id":57277,"href":"https:\/\/zonaroja.com.mx\/index.php?rest_route=\/wp\/v2\/posts\/57275\/revisions\/57277"}],"wp:featuredmedia":[{"embeddable":true,"href":"https:\/\/zonaroja.com.mx\/index.php?rest_route=\/wp\/v2\/media\/57276"}],"wp:attachment":[{"href":"https:\/\/zonaroja.com.mx\/index.php?rest_route=%2Fwp%2Fv2%2Fmedia&parent=57275"}],"wp:term":[{"taxonomy":"category","embeddable":true,"href":"https:\/\/zonaroja.com.mx\/index.php?rest_route=%2Fwp%2Fv2%2Fcategories&post=57275"},{"taxonomy":"post_tag","embeddable":true,"href":"https:\/\/zonaroja.com.mx\/index.php?rest_route=%2Fwp%2Fv2%2Ftags&post=57275"}],"curies":[{"name":"wp","href":"https:\/\/api.w.org\/{rel}","templated":true}]}}