{"id":57284,"date":"2023-07-07T11:30:00","date_gmt":"2023-07-07T16:30:00","guid":{"rendered":"http:\/\/www.zonaroja.com.mx\/?p=57284"},"modified":"2023-07-07T07:57:11","modified_gmt":"2023-07-07T12:57:11","slug":"exhibe-gobierno-oaxaca-solicitud-de-5-mdp-por-amigos-del-maco","status":"publish","type":"post","link":"https:\/\/zonaroja.com.mx\/?p=57284","title":{"rendered":"Exhibe gobierno Oaxaca solicitud de 5 mdp por Amigos del MACO\u00a0"},"content":{"rendered":"\n<p>Yuridiana Sosa\/Zona Roja.<\/p>\n\n\n\n<p>Oaxaca de Ju\u00e1rez, Oax., a 7 de julio de 2023.- Las acusaciones cruzadas entre los representantes de la asociaci\u00f3n civil Amigos del MACO y el gobierno de Oaxaca, tras la recuperaci\u00f3n del museo por las autoridades, contin\u00faan a m\u00e1s de una semana de los hechos respecto a la solicitud de cinco millones de pesos y el estado que guardaban las obras de arte.<\/p>\n\n\n\n<p>El Consejero Jur\u00eddico, Geovany V\u00e1squez Sagrero, public\u00f3 el documento en el que el presidente y representante legal de Amigos del MACO, Rub\u00e9n Leyva, solicit\u00f3 en enero a la Secretar\u00eda de las Culturas y Artes de Oaxaca la donaci\u00f3n de cinco millones de pesos a favor de dicha asociaci\u00f3n.<\/p>\n\n\n\n<p>El dinero, justific\u00f3, ser\u00eda para la creaci\u00f3n y producci\u00f3n del proyecto \u201cReapertura MACO 2023, marzo\/ diciembre, 30 aniversario +1\u201d, de acuerdo con el documento que se mostr\u00f3 el funcionario, en que adem\u00e1s, la asociaci\u00f3n refiere que dicha comunicaci\u00f3n es \u201cpara restablecer el v\u00ednculo que por a\u00f1os ha sostenido nuestra organizaci\u00f3n con el Gobierno del Estado\u201d.<\/p>\n\n\n\n<p>V\u00e1squez Sagrero asegur\u00f3 que esa fue la \u00fanica ocasi\u00f3n que el artista pl\u00e1stico y la asociaci\u00f3n acudieron al gobierno, pues tras preguntarle sobre las cuentas de los ejercicios fiscales anteriores \u201cse desentendi\u00f3 y se neg\u00f3 al di\u00e1logo\u201d.<\/p>\n\n\n\n<p>La Consejer\u00eda Jur\u00eddica tambi\u00e9n mostr\u00f3 el documento por el que la Unidad Jur\u00eddica, por instrucciones del Secretar\u00eda de las Cultura y Artes y con fecha del 8 de febrero, solicit\u00f3 a Rub\u00e9n Leyva \u201cproporcionar copia simple del instrumento con el que acredite su personalidad con la que ostenta, asimismo del contrato de comodato y\/o arrendamiento que acredite el uso, goce y administraci\u00f3n del Museo de Arte Contempor\u00e1neo de Oaxaca, lo anterior para estar en condiciones de atender y analizar su petici\u00f3n\u201d, el cual fue recibido el 15 de febrero por Oliver Mart\u00ednez Kandt, administrador del MACO.<\/p>\n\n\n\n<p>Sobre la sugerencia sarc\u00e1stica de Rub\u00e9n Leyva a Geovany V\u00e1squez Sagrero para ser el sucesor del maestro Francisco Toledo, el funcionario respondi\u00f3 que \u201cel legado del Maestro Toledo est\u00e1 a la vista de todos y todas, basta decir que \u00e9l se desprendi\u00f3 por dar al pueblo de Oaxaca y el representante legal del MACO ped\u00eda dinero del pueblo de Oaxaca\u201d.<\/p>\n\n\n\n<p>MALAS CONDICIONES Y FALTANTES<\/p>\n\n\n\n<p>El Consejero Jur\u00eddico, Geovany V\u00e1squez Sagrero, tambi\u00e9n aclar\u00f3 sobre el estado que guardan las obras de artes que ten\u00eda a su resguardo Amigos del MACO, y asever\u00f3 que hay un faltante de unas 70 piezas.<\/p>\n\n\n\n<p>Precis\u00f3 que las obras que se encontraron en la bodega del MACO no estaban resguardadas en las condiciones que refiere el representante legal de la asociaci\u00f3n civil Amigos del MACO, por el contrario, se localizaron en total abandono y deterioro.<\/p>\n\n\n\n<p>\u201cLamento que las obras, realizadas por diversos artistas, se encuentren en condiciones lamentables, al igual que el inmueble, ya que existen creaciones carcomidas por roedores, cucarachas, nidos de estos animales y no se cuenta con luz el\u00e9ctrica, lo que representa una situaci\u00f3n lastimosa para la cultura y arte del pueblo de Oaxaca. Peritos expertos realizar\u00e1n el an\u00e1lisis correspondiente para saber si se pueden restaurar\u201d, detall\u00f3 en su comunicado.<\/p>\n\n\n\n<p>Esto tras el cateo realizado al inmueble el pasado 30 de junio luego de la recuperaci\u00f3n del museo el 28 de junio.<\/p>\n\n\n\n<p>El Gobierno del Estado, precis\u00f3, no se va apropiar de posesiones que no le pertenezcan al Museo, y tras el cateo se recuperaron casi 500 obras, pero de acuerdo al inventario son 570, por lo que falta un importante n\u00famero de piezas que debe aclarar e informar d\u00f3nde se encuentran.<\/p>\n\n\n\n<p>\u201cA los y las artistas de las obras que se encuentran en la bodega del MACO, no se preocupen pues se sostendr\u00e1 una reuni\u00f3n para el proceso de entrega recepci\u00f3n conforme a la norma correspondiente\u201d, agreg\u00f3 V\u00e1squez Sagrero.<\/p>\n\n\n\n<figure class=\"wp-block-embed is-type-rich is-provider-twitter wp-block-embed-twitter\"><div class=\"wp-block-embed__wrapper\">\n<div class=\"twitter-tweet\"><blockquote class=\"twitter-tweet\" data-lang=\"es\"><p lang=\"es\" dir=\"ltr\">Respecto a que se les acusa de \u201cprofesionales\u201d en el cuidado de la colecci\u00f3n de arte,\u2026 ah\u00ed est\u00e1n las im\u00e1genes que desmontan sus mentiras.<br><br>*Lo testado es para salvaguardar los datos personales de particulares que obran en los documentos.<a href=\"https:\/\/twitter.com\/hashtag\/Consejer%C3%ADaJur%C3%ADdica?src=hash&amp;ref_src=twsrc%5Etfw\">#Consejer\u00edaJur\u00eddica<\/a> <a href=\"https:\/\/twitter.com\/hashtag\/PrimaveraOaxaque%C3%B1a?src=hash&amp;ref_src=twsrc%5Etfw\">#PrimaveraOaxaque\u00f1a<\/a><\/p>&mdash; Geovany V\u00e1squez S. (@geovanyvasquez) <a href=\"https:\/\/twitter.com\/geovanyvasquez\/status\/1677012507737694208?ref_src=twsrc%5Etfw\">6 de julio de 2023<\/a><\/blockquote><\/div>\n<\/div><\/figure>\n","protected":false},"excerpt":{"rendered":"<p>Yuridiana Sosa\/Zona Roja. Oaxaca de Ju\u00e1rez, Oax., a 7 de julio de 2023.- Las acusaciones&hellip;<\/p>\n","protected":false},"author":2,"featured_media":57285,"comment_status":"closed","ping_status":"open","sticky":false,"template":"","format":"standard","meta":{"_lmt_disableupdate":"","_lmt_disable":"","_jetpack_memberships_contains_paid_content":false,"footnotes":""},"categories":[109,47],"tags":[2298],"class_list":["post-57284","post","type-post","status-publish","format-standard","has-post-thumbnail","hentry","category-minuto-a-minuto","category-zona-gris","tag-museo-de-arte-contemporaneo-de-oaxaca-maco"],"jetpack_featured_media_url":"https:\/\/zonaroja.com.mx\/wp-content\/uploads\/2023\/07\/Museo-de-Arte-Contemporaneo-de-Oaxaca-MACO.jpg","jetpack_sharing_enabled":true,"_links":{"self":[{"href":"https:\/\/zonaroja.com.mx\/index.php?rest_route=\/wp\/v2\/posts\/57284","targetHints":{"allow":["GET"]}}],"collection":[{"href":"https:\/\/zonaroja.com.mx\/index.php?rest_route=\/wp\/v2\/posts"}],"about":[{"href":"https:\/\/zonaroja.com.mx\/index.php?rest_route=\/wp\/v2\/types\/post"}],"author":[{"embeddable":true,"href":"https:\/\/zonaroja.com.mx\/index.php?rest_route=\/wp\/v2\/users\/2"}],"replies":[{"embeddable":true,"href":"https:\/\/zonaroja.com.mx\/index.php?rest_route=%2Fwp%2Fv2%2Fcomments&post=57284"}],"version-history":[{"count":1,"href":"https:\/\/zonaroja.com.mx\/index.php?rest_route=\/wp\/v2\/posts\/57284\/revisions"}],"predecessor-version":[{"id":57286,"href":"https:\/\/zonaroja.com.mx\/index.php?rest_route=\/wp\/v2\/posts\/57284\/revisions\/57286"}],"wp:featuredmedia":[{"embeddable":true,"href":"https:\/\/zonaroja.com.mx\/index.php?rest_route=\/wp\/v2\/media\/57285"}],"wp:attachment":[{"href":"https:\/\/zonaroja.com.mx\/index.php?rest_route=%2Fwp%2Fv2%2Fmedia&parent=57284"}],"wp:term":[{"taxonomy":"category","embeddable":true,"href":"https:\/\/zonaroja.com.mx\/index.php?rest_route=%2Fwp%2Fv2%2Fcategories&post=57284"},{"taxonomy":"post_tag","embeddable":true,"href":"https:\/\/zonaroja.com.mx\/index.php?rest_route=%2Fwp%2Fv2%2Ftags&post=57284"}],"curies":[{"name":"wp","href":"https:\/\/api.w.org\/{rel}","templated":true}]}}