{"id":57287,"date":"2023-07-07T10:30:00","date_gmt":"2023-07-07T15:30:00","guid":{"rendered":"http:\/\/www.zonaroja.com.mx\/?p=57287"},"modified":"2023-07-07T08:09:10","modified_gmt":"2023-07-07T13:09:10","slug":"identifican-a-las-tres-personas-ejecutadas-en-la-costa-de-oaxaca","status":"publish","type":"post","link":"https:\/\/zonaroja.com.mx\/?p=57287","title":{"rendered":"Identifican a las tres personas ejecutadas en la Costa de Oaxaca"},"content":{"rendered":"\n<p>Redacci\u00f3n\/Zona Roja.<\/p>\n\n\n\n<p>Oaxaca de Ju\u00e1rez, Oax., a 7 de julio de 2023.- Como Iv\u00e1n U. S. S., de 21 a\u00f1os; Everardo U. S., de 40 a\u00f1os, y Filis S. S., de 38 a\u00f1os de edad, fueron identificadas las tres personas emboscadas y asesinadas ayer en la regi\u00f3n Costa de Oaxaca.<\/p>\n\n\n\n<p>De acuerdo con los informes preliminares, el m\u00faltiple homicidio ocurri\u00f3 alrededor de las 18:00 horas de ayer jueves, en la carretera local Santa Catarina Juquila-R\u00edo Grande, a la altura del poblado de San Marcos Zacatepec.<\/p>\n\n\n\n<p>Presuntamente fueron integrantes de un grupo armado quienes emboscaron y asesinaron a los ocupantes de una camioneta marca Ford, color guinda, donde quedaron los cuerpos.<\/p>\n\n\n\n<p>La Vicefiscal\u00eda Regional de la Costa, dependiente de la Fiscal\u00eda General del Estado de Oaxaca, inici\u00f3 las indagatorias correspondientes, para dar con los responsables del triple homicidio.<\/p>\n","protected":false},"excerpt":{"rendered":"<p>Redacci\u00f3n\/Zona Roja. Oaxaca de Ju\u00e1rez, Oax., a 7 de julio de 2023.- Como Iv\u00e1n U.&hellip;<\/p>\n","protected":false},"author":2,"featured_media":57288,"comment_status":"closed","ping_status":"open","sticky":false,"template":"","format":"standard","meta":{"_lmt_disableupdate":"","_lmt_disable":"","_jetpack_memberships_contains_paid_content":false,"footnotes":""},"categories":[109,51],"tags":[2921],"class_list":["post-57287","post","type-post","status-publish","format-standard","has-post-thumbnail","hentry","category-minuto-a-minuto","category-zona-roja","tag-san-marcos-zacatepec-juquila"],"jetpack_featured_media_url":"https:\/\/zonaroja.com.mx\/wp-content\/uploads\/2023\/07\/Tres-asesinados-San-Marcos-Zacatepec-Juquila.jpg","jetpack_sharing_enabled":true,"_links":{"self":[{"href":"https:\/\/zonaroja.com.mx\/index.php?rest_route=\/wp\/v2\/posts\/57287","targetHints":{"allow":["GET"]}}],"collection":[{"href":"https:\/\/zonaroja.com.mx\/index.php?rest_route=\/wp\/v2\/posts"}],"about":[{"href":"https:\/\/zonaroja.com.mx\/index.php?rest_route=\/wp\/v2\/types\/post"}],"author":[{"embeddable":true,"href":"https:\/\/zonaroja.com.mx\/index.php?rest_route=\/wp\/v2\/users\/2"}],"replies":[{"embeddable":true,"href":"https:\/\/zonaroja.com.mx\/index.php?rest_route=%2Fwp%2Fv2%2Fcomments&post=57287"}],"version-history":[{"count":1,"href":"https:\/\/zonaroja.com.mx\/index.php?rest_route=\/wp\/v2\/posts\/57287\/revisions"}],"predecessor-version":[{"id":57289,"href":"https:\/\/zonaroja.com.mx\/index.php?rest_route=\/wp\/v2\/posts\/57287\/revisions\/57289"}],"wp:featuredmedia":[{"embeddable":true,"href":"https:\/\/zonaroja.com.mx\/index.php?rest_route=\/wp\/v2\/media\/57288"}],"wp:attachment":[{"href":"https:\/\/zonaroja.com.mx\/index.php?rest_route=%2Fwp%2Fv2%2Fmedia&parent=57287"}],"wp:term":[{"taxonomy":"category","embeddable":true,"href":"https:\/\/zonaroja.com.mx\/index.php?rest_route=%2Fwp%2Fv2%2Fcategories&post=57287"},{"taxonomy":"post_tag","embeddable":true,"href":"https:\/\/zonaroja.com.mx\/index.php?rest_route=%2Fwp%2Fv2%2Ftags&post=57287"}],"curies":[{"name":"wp","href":"https:\/\/api.w.org\/{rel}","templated":true}]}}