{"id":5729,"date":"2019-11-14T13:26:54","date_gmt":"2019-11-14T19:26:54","guid":{"rendered":"https:\/\/www.zonaroja.com.mx\/?p=5729"},"modified":"2019-11-14T13:26:56","modified_gmt":"2019-11-14T19:26:56","slug":"van-por-la-unidad-de-morena-al-interior-del-congreso-de-oaxaca","status":"publish","type":"post","link":"https:\/\/zonaroja.com.mx\/?p=5729","title":{"rendered":"Van por la unidad de Morena al interior del Congreso de Oaxaca"},"content":{"rendered":"\n<p>Redacci\u00f3n\/Zona Roja.<\/p>\n\n\n\n<p>San Raymundo Jalpan, Oax., 14 de noviembre de 2019.-&nbsp;La unidad de la bancada morenista al interior del Congreso de Oaxaca ser\u00e1 prioridad para Horacio Sosa Villavicencio, quien coordinar\u00e1 el grupo parlamentario del partido mayoritario \u00f1, durante este segundo a\u00f1o de actividades legislativas que arranca&nbsp;<a href=\"\/\/0\">este viernes<\/a>.<\/p>\n\n\n\n<p>En entrevista, el legislador asegur\u00f3 que durante su gesti\u00f3n trabajar\u00e1 con puertas abiertas, manteniendo el trabajo coordinado no solo con sus compa\u00f1eros de bancada, sino con quienes conformen la Junta de Coordinaci\u00f3n Pol\u00edtica, a fin de los generar los avances legislativos que consoliden la transformaci\u00f3n propuesta a nivel nacional.<\/p>\n\n\n\n<p><div class=\"twitter-tweet\"><blockquote class=\"twitter-tweet\" data-lang=\"es\"><p lang=\"es\" dir=\"ltr\">La Diputaci\u00f3n Permanente fue enterada hoy de la designaci\u00f3n de <a href=\"https:\/\/twitter.com\/HoracioSosaOax?ref_src=twsrc%5Etfw\">@HoracioSosaOax<\/a> como coordinador de la fracci\u00f3n parlamentaria de Morena en el <a href=\"https:\/\/twitter.com\/CongresoOaxLXIV?ref_src=twsrc%5Etfw\">@CongresoOaxLXIV<\/a>; exigir cuentas a <a href=\"https:\/\/twitter.com\/FISCALIA_GobOax?ref_src=twsrc%5Etfw\">@FISCALIA_GobOax<\/a> y dem\u00e1s dependencias, as\u00ed como unidad de legisladores, sus primeros temas. <a href=\"https:\/\/t.co\/oMYkHb6qg7\">pic.twitter.com\/oMYkHb6qg7<\/a><\/p>&mdash; Zona Roja Oaxaca (@MexRoja) <a href=\"https:\/\/twitter.com\/MexRoja\/status\/1194724529152520193?ref_src=twsrc%5Etfw\">13 de noviembre de 2019<\/a><\/blockquote><\/div><\/p>\n\n\n\n<p>\u201cSin duda que nos llevamos con todos, estamos platicando, vamos a construir la unidad de todos los diputados, vamos a estar juntos los 26\u201d, dijo el diputado &nbsp;que&nbsp;<a href=\"\/\/1\">este viernes<\/a>&nbsp;asumir\u00e1 el cargo como coordinador de la bancada de Morena.<\/p>\n\n\n\n<p>Con respecto al Tercer Informe Gobierno de Alejandro Murat Hinojosa, el legislador &nbsp;local asegur\u00f3 que ser\u00e1 recibido de forma respetuosa para despu\u00e9s pedir la glosa por parte del funcionariado p\u00fablico, quienes tendr\u00e1n que dar cuentas de forma m\u00e1s detallada con respecto al actuar de las autoridades estatales.<\/p>\n\n\n\n<p>\u201cLos secretarios tienen que rendir cuentas de lo que han hecho o no han hecho o han dejado de ser\u201d se\u00f1al\u00f3.<\/p>\n\n\n\n<p>Sin embargo s\u00ed cuestion\u00f3 el incremento de los \u00edndices delictivos en la entidad, asegurando que es claro que no hay seguridad y paz en el estado, realidad que dijo no puede ocultar, y por el contrario es necesario que se reconozca que existen muchos pendientes en este tema.<\/p>\n\n\n\n<p>Con relaci\u00f3n a si est\u00e1 o no de acuerdo con la solicitud que se hizo al interior del Senado de Rep\u00fablica en donde se pidi\u00f3 la renuncia del fiscal general, Rub\u00e9n Vasconcelos M\u00e9ndez, el legislador detall\u00f3 que esperaran a la comparencia del funcionario para evaluar si ha cumplido o no con su responsabilidad antes de pronunciarse al respecto.<\/p>\n\n\n\n<p>A la par que se\u00f1al\u00f3 conf\u00eda en que el gobernador tome sus mejores decisiones, y eval\u00fae quienes de los integrantes de su administraci\u00f3n le han dado buenos resultados y quienes no.&nbsp;<\/p>\n\n\n\n<p>Finalmente, Sosa Villavicencio manifest\u00f3 que la 64 Legislatura esta abierta a cualquier tipo de auditoria, bajo el principio de rendici\u00f3n de cuentas hacia la ciudadan\u00eda, adelantando que existen algunas en curso y otras vienen directo de la Federaci\u00f3n.<br class=\"Apple-interchange-newline\" \/><\/p>\n\n\n\n<p><\/p>\n","protected":false},"excerpt":{"rendered":"<p>Redacci\u00f3n\/Zona Roja. San Raymundo Jalpan, Oax., 14 de noviembre de 2019.-&nbsp;La unidad de la bancada&hellip;<\/p>\n","protected":false},"author":2,"featured_media":5728,"comment_status":"closed","ping_status":"open","sticky":false,"template":"","format":"standard","meta":{"_lmt_disableupdate":"","_lmt_disable":"","_jetpack_memberships_contains_paid_content":false,"footnotes":""},"categories":[109,46],"tags":[213,444],"class_list":["post-5729","post","type-post","status-publish","format-standard","has-post-thumbnail","hentry","category-minuto-a-minuto","category-zona-blanca","tag-64-legislatura-de-oaxaca","tag-horacio-sosa-villavicencio"],"jetpack_featured_media_url":"https:\/\/zonaroja.com.mx\/wp-content\/uploads\/2019\/11\/img_8271.jpg","jetpack_sharing_enabled":true,"_links":{"self":[{"href":"https:\/\/zonaroja.com.mx\/index.php?rest_route=\/wp\/v2\/posts\/5729","targetHints":{"allow":["GET"]}}],"collection":[{"href":"https:\/\/zonaroja.com.mx\/index.php?rest_route=\/wp\/v2\/posts"}],"about":[{"href":"https:\/\/zonaroja.com.mx\/index.php?rest_route=\/wp\/v2\/types\/post"}],"author":[{"embeddable":true,"href":"https:\/\/zonaroja.com.mx\/index.php?rest_route=\/wp\/v2\/users\/2"}],"replies":[{"embeddable":true,"href":"https:\/\/zonaroja.com.mx\/index.php?rest_route=%2Fwp%2Fv2%2Fcomments&post=5729"}],"version-history":[{"count":1,"href":"https:\/\/zonaroja.com.mx\/index.php?rest_route=\/wp\/v2\/posts\/5729\/revisions"}],"predecessor-version":[{"id":5730,"href":"https:\/\/zonaroja.com.mx\/index.php?rest_route=\/wp\/v2\/posts\/5729\/revisions\/5730"}],"wp:featuredmedia":[{"embeddable":true,"href":"https:\/\/zonaroja.com.mx\/index.php?rest_route=\/wp\/v2\/media\/5728"}],"wp:attachment":[{"href":"https:\/\/zonaroja.com.mx\/index.php?rest_route=%2Fwp%2Fv2%2Fmedia&parent=5729"}],"wp:term":[{"taxonomy":"category","embeddable":true,"href":"https:\/\/zonaroja.com.mx\/index.php?rest_route=%2Fwp%2Fv2%2Fcategories&post=5729"},{"taxonomy":"post_tag","embeddable":true,"href":"https:\/\/zonaroja.com.mx\/index.php?rest_route=%2Fwp%2Fv2%2Ftags&post=5729"}],"curies":[{"name":"wp","href":"https:\/\/api.w.org\/{rel}","templated":true}]}}