{"id":57291,"date":"2023-07-07T12:13:00","date_gmt":"2023-07-07T17:13:00","guid":{"rendered":"http:\/\/www.zonaroja.com.mx\/?p=57291"},"modified":"2023-07-07T08:14:32","modified_gmt":"2023-07-07T13:14:32","slug":"logra-fiscalia-de-oaxaca-vinculacion-a-proceso-de-dos-sujetos-acusados-de-homcidio","status":"publish","type":"post","link":"https:\/\/zonaroja.com.mx\/?p=57291","title":{"rendered":"Logra Fiscal\u00eda de Oaxaca vinculaci\u00f3n a proceso de dos sujetos, acusados de homcidio"},"content":{"rendered":"\n<p>Redacci\u00f3n\/Zona Roja.&nbsp;<\/p>\n\n\n\n<p>Oaxaca de Ju\u00e1rez, Oax., a 7 de julio de 2023.- La Fiscal\u00eda General del Estado de Oaxaca (FGEO) obtuvo auto de vinculaci\u00f3n a proceso y prisi\u00f3n preventiva en contra de M. H. F. P., por los delitos de Homicidio Calificado con Ventaja y Robo Espec\u00edfico, cometidos en el municipio de Santa Luc\u00eda del Camino, perteneciente a la regi\u00f3n de los Valles Centrales.<\/p>\n\n\n\n<p>De acuerdo con lo contenido en el expediente penal del caso, los hechos ocurrieron el 18 de septiembre de 2021, cuando la v\u00edctima se encontraba dentro de un restaurante localizado en la calle de Camino Real en la agencia municipal de San Francisco Tutla, perteneciente al municipio antes citado.<\/p>\n\n\n\n<p>En el lugar, P. D. S. fue atacado a balazos, sufriendo lesiones que le provocaron la muerte. Enseguida, le robaron un veh\u00edculo habilitado como taxi.<\/p>\n\n\n\n<p>Ante los hechos, la FGEO inici\u00f3 las investigaciones pertinentes que quedaron a cargo de la Fiscal\u00eda Especializada para la Atenci\u00f3n a Delitos de Alto Impacto, que realiz\u00f3 los trabajos por los que se liber\u00f3 una orden de aprehensi\u00f3n.<\/p>\n\n\n\n<p>Elementos de la Agencia Estatal de Investigaciones (AEI) localizaron al imputado y dieron cumplimiento al mandato judicial, por lo que M. H. F. P. fue detenido y presentado ante el Juez que atiende la causa quien, luego de evaluar los datos de prueba aportados por la FGEO, dict\u00f3 auto de vinculaci\u00f3n a proceso e impuso prisi\u00f3n preventiva contra el imputado, adem\u00e1s que otorg\u00f3 un mes para el cierre de investigaci\u00f3n.&nbsp;<\/p>\n\n\n\n<p>EN LA COSTA&nbsp;<\/p>\n\n\n\n<p>Por otra parte, como resultado de las investigaciones realizadas por la Fiscal\u00eda General del Estado, se obtuvo auto de vinculaci\u00f3n a proceso contra D. E. P., por el delito de Homicidio Calificado en grado de Tentativa, cometido en la regi\u00f3n de la Costa.<\/p>\n\n\n\n<p>Los hechos ocurrieron el 30 de junio del a\u00f1o en curso, en calles de la poblaci\u00f3n de Santa Rosa de Lima, perteneciente al municipio de Villa de Tututepec de Melchor Ocampo, donde la v\u00edctima, un hombre identificado como J. A. G. S., sufri\u00f3 un ataque armado cuando se encontraba dentro de su veh\u00edculo.<\/p>\n\n\n\n<p>A consecuencia de la agresi\u00f3n, la v\u00edctima present\u00f3 graves lesiones, principalmente en el rostro, por las cuales qued\u00f3 internada en un hospital donde recibe atenci\u00f3n m\u00e9dica.<\/p>\n\n\n\n<p>La FGEO tom\u00f3 conocimiento de los hechos, a trav\u00e9s de la Vicefiscal\u00eda Regional de la Costa, que despleg\u00f3 a un equipo multidisciplinario encabezado por personal de Alto Impacto, quienes recabaron los indicios hallados en la escena del crimen.<\/p>\n\n\n\n<p>Como resultado de las investigaciones iniciales, se obtuvo una orden de aprehensi\u00f3n que fue ejecutada por la Agencia Estatal de Investigaciones y el imputado fue presentado ante el Juez que atiende la causa, quien luego de evaluar las pruebas dict\u00f3 auto de vinculaci\u00f3n a proceso en contra de D. E. P. por el delito de Homicidio Calificado en grado de Tentativa, a quien impuso prisi\u00f3n preventiva y otorg\u00f3 dos meses para el cierre de la investigaci\u00f3n.<\/p>\n\n\n\n<p>La Fiscal\u00eda de Oaxaca realiza investigaciones realizadas por equipos con personal especializado jur\u00eddica y cient\u00edficamente para dar certeza a las pruebas que se presentan con el objetivo de dar con el paradero de quien resulte responsable en la comisi\u00f3n de delitos de alto impacto.<\/p>\n","protected":false},"excerpt":{"rendered":"<p>Redacci\u00f3n\/Zona Roja.&nbsp; Oaxaca de Ju\u00e1rez, Oax., a 7 de julio de 2023.- La Fiscal\u00eda General&hellip;<\/p>\n","protected":false},"author":2,"featured_media":48536,"comment_status":"closed","ping_status":"open","sticky":false,"template":"","format":"standard","meta":{"_lmt_disableupdate":"","_lmt_disable":"","_jetpack_memberships_contains_paid_content":false,"footnotes":""},"categories":[109,47],"tags":[494],"class_list":["post-57291","post","type-post","status-publish","format-standard","has-post-thumbnail","hentry","category-minuto-a-minuto","category-zona-gris","tag-fiscalia-general-del-estado-de-oaxaca"],"jetpack_featured_media_url":"https:\/\/zonaroja.com.mx\/wp-content\/uploads\/2022\/11\/Carcel-prision-separos-detenido-1.jpeg","jetpack_sharing_enabled":true,"_links":{"self":[{"href":"https:\/\/zonaroja.com.mx\/index.php?rest_route=\/wp\/v2\/posts\/57291","targetHints":{"allow":["GET"]}}],"collection":[{"href":"https:\/\/zonaroja.com.mx\/index.php?rest_route=\/wp\/v2\/posts"}],"about":[{"href":"https:\/\/zonaroja.com.mx\/index.php?rest_route=\/wp\/v2\/types\/post"}],"author":[{"embeddable":true,"href":"https:\/\/zonaroja.com.mx\/index.php?rest_route=\/wp\/v2\/users\/2"}],"replies":[{"embeddable":true,"href":"https:\/\/zonaroja.com.mx\/index.php?rest_route=%2Fwp%2Fv2%2Fcomments&post=57291"}],"version-history":[{"count":1,"href":"https:\/\/zonaroja.com.mx\/index.php?rest_route=\/wp\/v2\/posts\/57291\/revisions"}],"predecessor-version":[{"id":57292,"href":"https:\/\/zonaroja.com.mx\/index.php?rest_route=\/wp\/v2\/posts\/57291\/revisions\/57292"}],"wp:featuredmedia":[{"embeddable":true,"href":"https:\/\/zonaroja.com.mx\/index.php?rest_route=\/wp\/v2\/media\/48536"}],"wp:attachment":[{"href":"https:\/\/zonaroja.com.mx\/index.php?rest_route=%2Fwp%2Fv2%2Fmedia&parent=57291"}],"wp:term":[{"taxonomy":"category","embeddable":true,"href":"https:\/\/zonaroja.com.mx\/index.php?rest_route=%2Fwp%2Fv2%2Fcategories&post=57291"},{"taxonomy":"post_tag","embeddable":true,"href":"https:\/\/zonaroja.com.mx\/index.php?rest_route=%2Fwp%2Fv2%2Ftags&post=57291"}],"curies":[{"name":"wp","href":"https:\/\/api.w.org\/{rel}","templated":true}]}}