{"id":57293,"date":"2023-07-07T13:14:00","date_gmt":"2023-07-07T18:14:00","guid":{"rendered":"http:\/\/www.zonaroja.com.mx\/?p=57293"},"modified":"2023-07-07T08:26:46","modified_gmt":"2023-07-07T13:26:46","slug":"ola-de-calor-en-mexico-ha-dejado-152-muertes-en-oaxaca-4","status":"publish","type":"post","link":"https:\/\/zonaroja.com.mx\/?p=57293","title":{"rendered":"Ola de calor en M\u00e9xico ha dejado 152 muertes; en Oaxaca 4"},"content":{"rendered":"\n<p>Redacci\u00f3n\/Zona Roja Cdmx.<\/p>\n\n\n\n<p>Ciudad de M\u00e9xico, a 7 de julio de 2023.- La Secretar\u00eda de Salud federal inform\u00f3 que, de acuerdo con el informe semanal de vigilancia epidemiol\u00f3gica, en la actual temporada de calor se han reportado dos mil 454 casos de trastorno f\u00edsico y 152 decesos.<\/p>\n\n\n\n<p>La ola inici\u00f3 el 19 de marzo, correspondiente a la semana epidemiol\u00f3gica n\u00famero 12 pero, seg\u00fan se pronostica, se extender\u00e1 hasta la semana epidemiol\u00f3gica 40.<\/p>\n\n\n\n<p>La dependencia acot\u00f3 que se han confirmado 152 defunciones, divididos en Nuevo Le\u00f3n (72), Tamaulipas (25), Veracruz (20), Coahuila (nueve), Tabasco (seis), Sonora (seis), Oaxaca (cuatro), San Luis Potos\u00ed (tres), Quintana Roo (dos), Yucat\u00e1n (dos), y una respectivamente en Baja California Sur, Campeche y Sinaloa.<\/p>\n\n\n\n<p>La informaci\u00f3n registrada en la SSBCS a trav\u00e9s del Sistema de Vigilancia Epidemiol\u00f3gica de Temperaturas Naturales Extremas de la Direcci\u00f3n General de Epidemiolog\u00eda en la semana 26, que comprende del 25 de junio al primero de julio, da cuenta de 907 casos asociados a temperaturas extremas y 40 decesos en el pa\u00eds, de los cuales 23 son atribuibles a la tercera ola de calor y fueron notificados con retraso.<\/p>\n\n\n\n<p>Apenas ayer, un hombre sufri\u00f3 un golpe de calor en Mexicali, Baja California, y fue atendido por personal de la Cruz Roja.<\/p>\n\n\n\n<p>Todos los a\u00f1os ocurren muertes por las altas temperaturas en Mexicali. En 2022 sumaron 27, la mayor\u00eda de indigentes.<\/p>\n\n\n\n<p>(Con informaci\u00f3n de \u201cLa Jornada\u201d)<\/p>\n","protected":false},"excerpt":{"rendered":"<p>Redacci\u00f3n\/Zona Roja Cdmx. Ciudad de M\u00e9xico, a 7 de julio de 2023.- La Secretar\u00eda de&hellip;<\/p>\n","protected":false},"author":2,"featured_media":56646,"comment_status":"closed","ping_status":"open","sticky":false,"template":"","format":"standard","meta":{"_lmt_disableupdate":"","_lmt_disable":"","_jetpack_memberships_contains_paid_content":false,"footnotes":""},"categories":[109,47],"tags":[3583],"class_list":["post-57293","post","type-post","status-publish","format-standard","has-post-thumbnail","hentry","category-minuto-a-minuto","category-zona-gris","tag-ola-de-calor"],"jetpack_featured_media_url":"https:\/\/zonaroja.com.mx\/wp-content\/uploads\/2023\/06\/Ola-de-calor-2.jpeg","jetpack_sharing_enabled":true,"_links":{"self":[{"href":"https:\/\/zonaroja.com.mx\/index.php?rest_route=\/wp\/v2\/posts\/57293","targetHints":{"allow":["GET"]}}],"collection":[{"href":"https:\/\/zonaroja.com.mx\/index.php?rest_route=\/wp\/v2\/posts"}],"about":[{"href":"https:\/\/zonaroja.com.mx\/index.php?rest_route=\/wp\/v2\/types\/post"}],"author":[{"embeddable":true,"href":"https:\/\/zonaroja.com.mx\/index.php?rest_route=\/wp\/v2\/users\/2"}],"replies":[{"embeddable":true,"href":"https:\/\/zonaroja.com.mx\/index.php?rest_route=%2Fwp%2Fv2%2Fcomments&post=57293"}],"version-history":[{"count":1,"href":"https:\/\/zonaroja.com.mx\/index.php?rest_route=\/wp\/v2\/posts\/57293\/revisions"}],"predecessor-version":[{"id":57294,"href":"https:\/\/zonaroja.com.mx\/index.php?rest_route=\/wp\/v2\/posts\/57293\/revisions\/57294"}],"wp:featuredmedia":[{"embeddable":true,"href":"https:\/\/zonaroja.com.mx\/index.php?rest_route=\/wp\/v2\/media\/56646"}],"wp:attachment":[{"href":"https:\/\/zonaroja.com.mx\/index.php?rest_route=%2Fwp%2Fv2%2Fmedia&parent=57293"}],"wp:term":[{"taxonomy":"category","embeddable":true,"href":"https:\/\/zonaroja.com.mx\/index.php?rest_route=%2Fwp%2Fv2%2Fcategories&post=57293"},{"taxonomy":"post_tag","embeddable":true,"href":"https:\/\/zonaroja.com.mx\/index.php?rest_route=%2Fwp%2Fv2%2Ftags&post=57293"}],"curies":[{"name":"wp","href":"https:\/\/api.w.org\/{rel}","templated":true}]}}