{"id":57300,"date":"2023-07-07T15:59:41","date_gmt":"2023-07-07T20:59:41","guid":{"rendered":"http:\/\/www.zonaroja.com.mx\/?p=57300"},"modified":"2023-07-07T15:59:45","modified_gmt":"2023-07-07T20:59:45","slug":"basto-un-curso-presume-seccion-22-de-snte-que-logro-mas-de-mil-600-plazas-sin-examen","status":"publish","type":"post","link":"https:\/\/zonaroja.com.mx\/?p=57300","title":{"rendered":"\u00a1Bast\u00f3 un curso! Presume Secci\u00f3n 22 de SNTE que logr\u00f3 m\u00e1s de mil 600 plazas sin examen"},"content":{"rendered":"\n<p>Yuridiana Sosa\/Zona Roja.<\/p>\n\n\n\n<p>Oaxaca de Ju\u00e1rez, Oax., a 7 de julio de 2023.- Con tan s\u00f3lo escuchar un curso, mil 665 egresados normalistas de Oaxaca lograr\u00e1n la entrega de sus plazas para integrarse a la vida laboral del magisterio. <\/p>\n\n\n\n<p>La Secci\u00f3n 22 del Sindicato Nacional de Trabajadores de la Educaci\u00f3n (SNTE) presumi\u00f3 que el curso \u00abLa educaci\u00f3n cr\u00edtica comunitaria en Oaxaca\u00bb fue aprobado por la Secretar\u00eda de Educaci\u00f3n P\u00fablica (SEP), como parte del proceso actual de admisi\u00f3n; lo cual se logr\u00f3 durante el proceso de negociaci\u00f3n entre ambas partes.<\/p>\n\n\n\n<p>Oaxaca, se\u00f1al\u00f3 la Secci\u00f3n 22, es el \u00fanico estado al que el gobierno de M\u00e9xico le otorg\u00f3 este privilegio, y con eso dej\u00f3 sin efectos el proceso de la Unidad del Sistema para la Carrera de las Maestros y Maestros (Usicamm) para la contrataci\u00f3n de docentes.<\/p>\n\n\n\n<p>En este curso, que culmin\u00f3 este viernes, se regulariz\u00f3 a los egresados rezagados y a las contrataciones temporales que en la pasada gesti\u00f3n se entregaron sin certeza laboral, apunt\u00f3 la gremial en un comunicado. <\/p>\n\n\n\n<p>Pero, adem\u00e1s, dicha pl\u00e1tica fue otorgada por el Centro de Estudios y Desarrollo Educativo de la Secci\u00f3n 22 (CEDES 22) organismo auxiliar del Movimiento Democr\u00e1tico de los Trabajadores de la Educaci\u00f3n de Oaxaca (MDTEO).<\/p>\n\n\n\n<p>\u201cCon el curso impartido por el CEDES 22 ingresan a las combativas filas de la Secci\u00f3n 22, mil 665 compa\u00f1eros y compa\u00f1eras, antes egresados normalistas\u201d, se regocij\u00f3 la Secci\u00f3n 22, adherida a la Coordinadora Nacional de Trabajadores de la Educaci\u00f3n (CNTE).<\/p>\n","protected":false},"excerpt":{"rendered":"<p>Yuridiana Sosa\/Zona Roja. Oaxaca de Ju\u00e1rez, Oax., a 7 de julio de 2023.- Con tan&hellip;<\/p>\n","protected":false},"author":2,"featured_media":57299,"comment_status":"closed","ping_status":"open","sticky":false,"template":"","format":"standard","meta":{"_lmt_disableupdate":"","_lmt_disable":"","_jetpack_memberships_contains_paid_content":false,"footnotes":""},"categories":[109,47],"tags":[],"class_list":["post-57300","post","type-post","status-publish","format-standard","has-post-thumbnail","hentry","category-minuto-a-minuto","category-zona-gris"],"jetpack_featured_media_url":"https:\/\/zonaroja.com.mx\/wp-content\/uploads\/2023\/07\/ieepo-curso-contratacion-normalistas-1.jpg","jetpack_sharing_enabled":true,"_links":{"self":[{"href":"https:\/\/zonaroja.com.mx\/index.php?rest_route=\/wp\/v2\/posts\/57300","targetHints":{"allow":["GET"]}}],"collection":[{"href":"https:\/\/zonaroja.com.mx\/index.php?rest_route=\/wp\/v2\/posts"}],"about":[{"href":"https:\/\/zonaroja.com.mx\/index.php?rest_route=\/wp\/v2\/types\/post"}],"author":[{"embeddable":true,"href":"https:\/\/zonaroja.com.mx\/index.php?rest_route=\/wp\/v2\/users\/2"}],"replies":[{"embeddable":true,"href":"https:\/\/zonaroja.com.mx\/index.php?rest_route=%2Fwp%2Fv2%2Fcomments&post=57300"}],"version-history":[{"count":1,"href":"https:\/\/zonaroja.com.mx\/index.php?rest_route=\/wp\/v2\/posts\/57300\/revisions"}],"predecessor-version":[{"id":57301,"href":"https:\/\/zonaroja.com.mx\/index.php?rest_route=\/wp\/v2\/posts\/57300\/revisions\/57301"}],"wp:featuredmedia":[{"embeddable":true,"href":"https:\/\/zonaroja.com.mx\/index.php?rest_route=\/wp\/v2\/media\/57299"}],"wp:attachment":[{"href":"https:\/\/zonaroja.com.mx\/index.php?rest_route=%2Fwp%2Fv2%2Fmedia&parent=57300"}],"wp:term":[{"taxonomy":"category","embeddable":true,"href":"https:\/\/zonaroja.com.mx\/index.php?rest_route=%2Fwp%2Fv2%2Fcategories&post=57300"},{"taxonomy":"post_tag","embeddable":true,"href":"https:\/\/zonaroja.com.mx\/index.php?rest_route=%2Fwp%2Fv2%2Ftags&post=57300"}],"curies":[{"name":"wp","href":"https:\/\/api.w.org\/{rel}","templated":true}]}}