{"id":57308,"date":"2023-07-07T21:38:07","date_gmt":"2023-07-08T02:38:07","guid":{"rendered":"http:\/\/www.zonaroja.com.mx\/?p=57308"},"modified":"2023-07-07T21:38:08","modified_gmt":"2023-07-08T02:38:08","slug":"en-oaxaca-termina-semana-como-inicio-con-protestas-y-bloqueos","status":"publish","type":"post","link":"https:\/\/zonaroja.com.mx\/?p=57308","title":{"rendered":"En Oaxaca, termina semana como inici\u00f3: con protestas y bloqueos"},"content":{"rendered":"\n<p>Yuridiana Sosa\/Zona Roja.<\/p>\n\n\n\n<p>Oaxaca de Ju\u00e1rez, Oax., a 7 de julio de 2023.- La falta de respuestas y soluci\u00f3n a las demandas de las autoridades estatales y municipales despert\u00f3 la inconformidad de trabajadores del estado, ciudadanos, padres de familia y pobladores en la capital y en el interior del estado.<\/p>\n\n\n\n<p>Por segundo d\u00eda consecutivo Trabajadores del Sindicato de Empleados del Instituto de Estudios de Bachillerato del Estado de Oaxaca (SEIEBO) bloquearon la avenida Universidad, frente a la sede del organismo, el cual \u201ctomaron\u201d.<\/p>\n\n\n\n<p>Los trabajadores del nivel media superior exigieron el pago de sus salarios atrasados desde el mes de abril, problema del que la autoridad del gobierno de Oaxaca no ofreci\u00f3 soluci\u00f3n inmediata.<\/p>\n\n\n\n<p>Ante la fallida pol\u00edtica de la autoridad estatal los afectados se levantaron de la mesa de di\u00e1logo este viernes pero finalmente por la tarde lograron los acuerdos correspondientes.<\/p>\n\n\n\n<p>En tanto que ayer, en su primer d\u00eda de movilizaciones, el gobierno estatal los amag\u00f3 con desalojar el bloqueo que activaron en avenida Universidad, con el uso de la fuerza p\u00fablica.<\/p>\n\n\n\n<p>De la misma forma, este vienes docentes del Colegio \u201cValladolid\u201d de la capital reactivaron su protesta y boqueo en la avenida Fuerza A\u00e9rea Mexicana, colonia Reforma.<\/p>\n\n\n\n<p>A la manifestaci\u00f3n de este d\u00eda se sumaron padres de familia, quienes respaldaron la denuncia de malos tratos de parte de la direcci\u00f3n escolar, as\u00ed como de algunos maestros.<\/p>\n\n\n\n<p>Una de las madres de familia de la instituci\u00f3n privada, Ana Luis Ram\u00edrez, se\u00f1al\u00f3 que su hija del segundo grado de primaria ha sido v\u00edctima de malos tratos de la docente Soledad, y aunque la direcci\u00f3n escolar tiene conocimiento de los hechos los ignora.<\/p>\n\n\n\n<p>Tambi\u00e9n continuaron con su protesta, por segundo d\u00eda consecutivo, los trabajadores despedidos de la Defensor\u00eda de los Derechos Humanos del Pueblo de Oaxaca (DDHPO) afuera del organismo.<\/p>\n\n\n\n<p>Ante la \u201ctoma\u201d de las instalaciones, los empleados que se encontraban en el interior tuvieron que brincar la barda perimetral hacia una unidad deportiva de la UABJO para salir.<\/p>\n\n\n\n<p>Por otra parte, la tarde de este viernes vecinos de la colonia La Cascada, en la capital del estado, se manifestaron con un bloqueo para exigir al gobierno municipal la conclusi\u00f3n de obras p\u00fablicas.<\/p>\n\n\n\n<p>Los afectados, quienes cerraron el paso en calle R\u00edo Bravo y Jos\u00e9 L\u00f3pez Alavez, denunciaron que las obras de drenaje, red de agua potable y pavimentaci\u00f3n no se ha concluido en varias calles y ante la temperada de lluvias que ya inici\u00f3 las condiciones pueden empeorar.<\/p>\n\n\n\n<p>OTROS BLOQUEOS<\/p>\n\n\n\n<p>Para empeorar la pol\u00edtica interna del estado, este viernes un grupo choferes de camiones materialistas adheridos a CATEM activaron un bloqueo sobre carretera Trans\u00edstmica, tramo Salina Cruz &#8211; Tehuantepec, a la altura de La Brecha.<\/p>\n\n\n\n<p>Por otra parte, habitantes de la agencia de San Felipe de la Pe\u00f1a, perteneciente a San Juan Bautista Tuxtepec, en la Cuenca, bloquearon la carretera Tuxtepec- Playa Vicente, Veracruz, con direcci\u00f3n al Istmo.<\/p>\n\n\n\n<p>Los pobladores tambi\u00e9n retuvieron a trabajadores de la CFE por cortar el servicio, presuntamente por falta de pagos, lo que molest\u00f3 a los usuarios.<\/p>\n","protected":false},"excerpt":{"rendered":"<p>Yuridiana Sosa\/Zona Roja. Oaxaca de Ju\u00e1rez, Oax., a 7 de julio de 2023.- La falta&hellip;<\/p>\n","protected":false},"author":2,"featured_media":57309,"comment_status":"closed","ping_status":"open","sticky":false,"template":"","format":"standard","meta":{"_lmt_disableupdate":"","_lmt_disable":"","_jetpack_memberships_contains_paid_content":false,"footnotes":""},"categories":[109,47],"tags":[2264],"class_list":["post-57308","post","type-post","status-publish","format-standard","has-post-thumbnail","hentry","category-minuto-a-minuto","category-zona-gris","tag-bloqueos-y-protestas-oaxaca"],"jetpack_featured_media_url":"https:\/\/zonaroja.com.mx\/wp-content\/uploads\/2023\/07\/Bloqueos-Colegio-Valladolid-Oaxaca.jpg","jetpack_sharing_enabled":true,"_links":{"self":[{"href":"https:\/\/zonaroja.com.mx\/index.php?rest_route=\/wp\/v2\/posts\/57308","targetHints":{"allow":["GET"]}}],"collection":[{"href":"https:\/\/zonaroja.com.mx\/index.php?rest_route=\/wp\/v2\/posts"}],"about":[{"href":"https:\/\/zonaroja.com.mx\/index.php?rest_route=\/wp\/v2\/types\/post"}],"author":[{"embeddable":true,"href":"https:\/\/zonaroja.com.mx\/index.php?rest_route=\/wp\/v2\/users\/2"}],"replies":[{"embeddable":true,"href":"https:\/\/zonaroja.com.mx\/index.php?rest_route=%2Fwp%2Fv2%2Fcomments&post=57308"}],"version-history":[{"count":1,"href":"https:\/\/zonaroja.com.mx\/index.php?rest_route=\/wp\/v2\/posts\/57308\/revisions"}],"predecessor-version":[{"id":57310,"href":"https:\/\/zonaroja.com.mx\/index.php?rest_route=\/wp\/v2\/posts\/57308\/revisions\/57310"}],"wp:featuredmedia":[{"embeddable":true,"href":"https:\/\/zonaroja.com.mx\/index.php?rest_route=\/wp\/v2\/media\/57309"}],"wp:attachment":[{"href":"https:\/\/zonaroja.com.mx\/index.php?rest_route=%2Fwp%2Fv2%2Fmedia&parent=57308"}],"wp:term":[{"taxonomy":"category","embeddable":true,"href":"https:\/\/zonaroja.com.mx\/index.php?rest_route=%2Fwp%2Fv2%2Fcategories&post=57308"},{"taxonomy":"post_tag","embeddable":true,"href":"https:\/\/zonaroja.com.mx\/index.php?rest_route=%2Fwp%2Fv2%2Ftags&post=57308"}],"curies":[{"name":"wp","href":"https:\/\/api.w.org\/{rel}","templated":true}]}}