{"id":57317,"date":"2023-07-08T09:00:00","date_gmt":"2023-07-08T14:00:00","guid":{"rendered":"http:\/\/www.zonaroja.com.mx\/?p=57317"},"modified":"2023-07-08T07:10:58","modified_gmt":"2023-07-08T12:10:58","slug":"deja-incendio-en-plataforma-de-pemex-en-campeche-8-heridos-y-2-muertos","status":"publish","type":"post","link":"https:\/\/zonaroja.com.mx\/?p=57317","title":{"rendered":"Deja incendio en plataforma de Pemex en Campeche 8 heridos y 2 muertos"},"content":{"rendered":"\n<p>Redacci\u00f3n\/Zona Roja Cdmx.<\/p>\n\n\n\n<p>Ciudad de M\u00e9xico, a 8 de julio de 2023.- Petr\u00f3leos Mexicanos (Pemex) inform\u00f3 que el incendio que se registr\u00f3 la ma\u00f1ana de este viernes en la plataforma Nohoch-A del activo de producci\u00f3n marina Cantarell, en Campeche, dej\u00f3 un saldo de dos fallecidos por parte de una compa\u00f1\u00eda privada, ocho trabajadores lesionados y uno desaparecido.<\/p>\n\n\n\n<p>A trav\u00e9s de un comunicado difundido la noche de este viernes, Pemex actualiz\u00f3 la informaci\u00f3n relacionada con el siniestro, donde detall\u00f3 que los barcos contraincendios llegaron a tiempo, por lo que se evit\u00f3 que el fuego se extendiera hacia las dem\u00e1s plataformas.<\/p>\n\n\n\n<p>Tras el accidente, tres trabajadores de Petr\u00f3leos Mexicanos resultaron lesionados, quienes se encuentran fuera de peligro, de los cuales dos ya est\u00e1n en sus casas, y uno m\u00e1s ser\u00e1 trasladado al Hospital Central Sur de Alta Especialidad en la Ciudad de M\u00e9xico, debido a que presenta quemaduras en el 35 por ciento de su cuerpo.<\/p>\n\n\n\n<p>Sin embargo, por parte una compa\u00f1\u00eda privada, hay cinco personas lesionadas, pero ninguna de ellas corre riesgo de perder la vida. En tanto que dos trabajadores de la misma empresa perdieron la vida y uno sigue desaparecido.<\/p>\n\n\n\n<p>Durante la ma\u00f1anera de hoy, el&nbsp;presidente Andr\u00e9s Manuel L\u00f3pez Obrador (AMLO) confirm\u00f3 el incidente en una plataforma de gas ubicada en las costas de Tabasco y Campeche.<\/p>\n\n\n\n<p>\u00abHubo una explosi\u00f3n en la madrugada de una plataforma de producci\u00f3n de gas, ya se est\u00e1 atendiendo, est\u00e1n bomberos de Pemex, est\u00e1 la Marina, es en las costas de Tabasco y Campeche\u00bb, inform\u00f3&nbsp;AMLO.<\/p>\n\n\n\n<p>Adem\u00e1s, el titular del Ejecutivo revel\u00f3 que hay entre tres y cuatro personas desaparecidas,&nbsp;sin embargo, Pemex no report\u00f3&nbsp;dicha situaci\u00f3n.<\/p>\n\n\n\n<p>En la plataforma se encontraban laborando 328 trabajadores, de los&nbsp;cuales se evacu\u00f3 a&nbsp;321 con apoyo de siete embarcaciones.<\/p>\n\n\n\n<p>(Informaci\u00f3n de Radio F\u00f3rmula)<\/p>\n","protected":false},"excerpt":{"rendered":"<p>Redacci\u00f3n\/Zona Roja Cdmx. Ciudad de M\u00e9xico, a 8 de julio de 2023.- Petr\u00f3leos Mexicanos (Pemex)&hellip;<\/p>\n","protected":false},"author":2,"featured_media":57318,"comment_status":"closed","ping_status":"open","sticky":false,"template":"","format":"standard","meta":{"_lmt_disableupdate":"","_lmt_disable":"","_jetpack_memberships_contains_paid_content":false,"footnotes":""},"categories":[109,47],"tags":[3604],"class_list":["post-57317","post","type-post","status-publish","format-standard","has-post-thumbnail","hentry","category-minuto-a-minuto","category-zona-gris","tag-incendios-pemex"],"jetpack_featured_media_url":"https:\/\/zonaroja.com.mx\/wp-content\/uploads\/2023\/07\/Incendio-Cantarell-Pemex.jpeg","jetpack_sharing_enabled":true,"_links":{"self":[{"href":"https:\/\/zonaroja.com.mx\/index.php?rest_route=\/wp\/v2\/posts\/57317","targetHints":{"allow":["GET"]}}],"collection":[{"href":"https:\/\/zonaroja.com.mx\/index.php?rest_route=\/wp\/v2\/posts"}],"about":[{"href":"https:\/\/zonaroja.com.mx\/index.php?rest_route=\/wp\/v2\/types\/post"}],"author":[{"embeddable":true,"href":"https:\/\/zonaroja.com.mx\/index.php?rest_route=\/wp\/v2\/users\/2"}],"replies":[{"embeddable":true,"href":"https:\/\/zonaroja.com.mx\/index.php?rest_route=%2Fwp%2Fv2%2Fcomments&post=57317"}],"version-history":[{"count":1,"href":"https:\/\/zonaroja.com.mx\/index.php?rest_route=\/wp\/v2\/posts\/57317\/revisions"}],"predecessor-version":[{"id":57319,"href":"https:\/\/zonaroja.com.mx\/index.php?rest_route=\/wp\/v2\/posts\/57317\/revisions\/57319"}],"wp:featuredmedia":[{"embeddable":true,"href":"https:\/\/zonaroja.com.mx\/index.php?rest_route=\/wp\/v2\/media\/57318"}],"wp:attachment":[{"href":"https:\/\/zonaroja.com.mx\/index.php?rest_route=%2Fwp%2Fv2%2Fmedia&parent=57317"}],"wp:term":[{"taxonomy":"category","embeddable":true,"href":"https:\/\/zonaroja.com.mx\/index.php?rest_route=%2Fwp%2Fv2%2Fcategories&post=57317"},{"taxonomy":"post_tag","embeddable":true,"href":"https:\/\/zonaroja.com.mx\/index.php?rest_route=%2Fwp%2Fv2%2Ftags&post=57317"}],"curies":[{"name":"wp","href":"https:\/\/api.w.org\/{rel}","templated":true}]}}