{"id":57320,"date":"2023-07-08T12:00:00","date_gmt":"2023-07-08T17:00:00","guid":{"rendered":"http:\/\/www.zonaroja.com.mx\/?p=57320"},"modified":"2023-07-08T07:14:53","modified_gmt":"2023-07-08T12:14:53","slug":"reportan-desaparicion-de-periodista-de-la-jornada-luis-sanchez","status":"publish","type":"post","link":"https:\/\/zonaroja.com.mx\/?p=57320","title":{"rendered":"Reportan desaparici\u00f3n de periodista de \u201cLa Jornada\u201d, Luis S\u00e1nchez"},"content":{"rendered":"\n<p>Redacci\u00f3n\/Zona Roja Cdmx.<\/p>\n\n\n\n<p>Ciudad de M\u00e9xico, a 8 de julio de 2023.- Luis Mart\u00edn S\u00e1nchez \u00cd\u00f1iguez, corresponsal de \u201cLa Jornada\u201d en Tepic, Nayarit, se encuentra desaparecido desde la noche del mi\u00e9rcoles pasado, seg\u00fan la denuncia que su esposa, Cecilia L\u00f3pez Aguilar, present\u00f3 la tarde de ayer ante la Fiscal\u00eda General del Estado.<\/p>\n\n\n\n<p>Explic\u00f3 que en el domicilio del periodista no est\u00e1n su computadora, su celular, un disco duro y sus sandalias. Detall\u00f3 que encontr\u00f3 los pantalones que ese d\u00eda vest\u00eda Luis Mart\u00edn, con su cartera e identificaciones, menos la credencial de \u201cLa Jornada\u201d, que era la que portaba en primer lugar.<\/p>\n\n\n\n<p>L\u00f3pez Aguilar relat\u00f3 que Luis Mart\u00edn la llev\u00f3 ese d\u00eda al municipio de Acaponeta a visitar a unos familiares; el periodista se regres\u00f3 en autob\u00fas a Tepic, pues al d\u00eda siguiente ten\u00eda que realizar unas diligencias relacionadas con las placas de un veh\u00edculo de un pariente.<\/p>\n\n\n\n<p>Por la noche se comunicaron, pero alrededor de las 20:43 horas Luis Mart\u00edn le avis\u00f3 que se hab\u00eda ido la luz; suspendieron la comunicaci\u00f3n y desde ese momento Cecilia L\u00f3pez no volvi\u00f3 a saber de \u00e9l.<\/p>\n\n\n\n<p>La noche del jueves pidi\u00f3 a su hijo que fuera a ver c\u00f3mo se encontraba su padre, pero no lo localiz\u00f3.<\/p>\n\n\n\n<p>Cecilia L\u00f3pez inform\u00f3 que este viernes, su hija, residente en el estado de San Luis Potos\u00ed, recibi\u00f3 una llamada telef\u00f3nica de alguien que \u201cten\u00eda que decirle algo importante con relaci\u00f3n a su padre\u201d pero como en ese momento no se encontraba, el desconocido no quiso dejar el mensaje a la persona que contest\u00f3.<\/p>\n\n\n\n<p>La Fiscal\u00eda General del Estado inform\u00f3 que emiti\u00f3 la ficha de b\u00fasqueda del reportero Luis Mart\u00edn S\u00e1nchez, de 59 a\u00f1os, 1.60 metros de estatura, complexi\u00f3n delgada, cabello corto, lacio y entrecano, ojos chicos, color caf\u00e9 oscuro, quien fue visto por \u00faltima vez el 5 de julio pasado en la localidad Armadillo, Xalisco, Nayarit.<\/p>\n\n\n\n<p>(Informaci\u00f3n de \u201cLa Jornada\u201d)<\/p>\n","protected":false},"excerpt":{"rendered":"<p>Redacci\u00f3n\/Zona Roja Cdmx. Ciudad de M\u00e9xico, a 8 de julio de 2023.- Luis Mart\u00edn S\u00e1nchez&hellip;<\/p>\n","protected":false},"author":2,"featured_media":57321,"comment_status":"closed","ping_status":"open","sticky":false,"template":"","format":"standard","meta":{"_lmt_disableupdate":"","_lmt_disable":"","_jetpack_memberships_contains_paid_content":false,"footnotes":""},"categories":[109,47],"tags":[3605],"class_list":["post-57320","post","type-post","status-publish","format-standard","has-post-thumbnail","hentry","category-minuto-a-minuto","category-zona-gris","tag-luis-martin-sanchez-la-jornada"],"jetpack_featured_media_url":"https:\/\/zonaroja.com.mx\/wp-content\/uploads\/2023\/07\/Periodista-Luis-Sanchez-La-Jornada.jpeg","jetpack_sharing_enabled":true,"_links":{"self":[{"href":"https:\/\/zonaroja.com.mx\/index.php?rest_route=\/wp\/v2\/posts\/57320","targetHints":{"allow":["GET"]}}],"collection":[{"href":"https:\/\/zonaroja.com.mx\/index.php?rest_route=\/wp\/v2\/posts"}],"about":[{"href":"https:\/\/zonaroja.com.mx\/index.php?rest_route=\/wp\/v2\/types\/post"}],"author":[{"embeddable":true,"href":"https:\/\/zonaroja.com.mx\/index.php?rest_route=\/wp\/v2\/users\/2"}],"replies":[{"embeddable":true,"href":"https:\/\/zonaroja.com.mx\/index.php?rest_route=%2Fwp%2Fv2%2Fcomments&post=57320"}],"version-history":[{"count":1,"href":"https:\/\/zonaroja.com.mx\/index.php?rest_route=\/wp\/v2\/posts\/57320\/revisions"}],"predecessor-version":[{"id":57322,"href":"https:\/\/zonaroja.com.mx\/index.php?rest_route=\/wp\/v2\/posts\/57320\/revisions\/57322"}],"wp:featuredmedia":[{"embeddable":true,"href":"https:\/\/zonaroja.com.mx\/index.php?rest_route=\/wp\/v2\/media\/57321"}],"wp:attachment":[{"href":"https:\/\/zonaroja.com.mx\/index.php?rest_route=%2Fwp%2Fv2%2Fmedia&parent=57320"}],"wp:term":[{"taxonomy":"category","embeddable":true,"href":"https:\/\/zonaroja.com.mx\/index.php?rest_route=%2Fwp%2Fv2%2Fcategories&post=57320"},{"taxonomy":"post_tag","embeddable":true,"href":"https:\/\/zonaroja.com.mx\/index.php?rest_route=%2Fwp%2Fv2%2Ftags&post=57320"}],"curies":[{"name":"wp","href":"https:\/\/api.w.org\/{rel}","templated":true}]}}