{"id":57323,"date":"2023-07-08T11:00:00","date_gmt":"2023-07-08T16:00:00","guid":{"rendered":"http:\/\/www.zonaroja.com.mx\/?p=57323"},"modified":"2023-07-08T07:19:05","modified_gmt":"2023-07-08T12:19:05","slug":"enfrentamiento-en-tamaulipas-deja-9-muertos-8-en-guanajuato","status":"publish","type":"post","link":"https:\/\/zonaroja.com.mx\/?p=57323","title":{"rendered":"Enfrentamiento en Tamaulipas deja 9 muertos; 8 en Guanajuato"},"content":{"rendered":"\n<p>Redacci\u00f3n\/Zona Roja Cdmx.<\/p>\n\n\n\n<p>Ciudad de M\u00e9xico, a 8 de julio de 2023.- Efectivos militares abatieron a nueve civiles armados tras repeler una agresi\u00f3n en una brecha del ejido Alfredo V. Bonfil, ubicado en los l\u00edmites de los municipios de Valle Hermoso y San Fernando, Tamaulipas, el mediod\u00eda de ayer, reportaron autoridades estatales. Dijeron que la refriega empez\u00f3 por la ma\u00f1ana cuando sujetos que se trasladaban en varias camionetas dispararon contra los soldados que patrullaban la carretera Valle Hermoso\u2013San Fernando.<\/p>\n\n\n\n<p>La vocer\u00eda de Seguridad Tamaulipas report\u00f3 en su cuenta de Twitter que hombres atacaron a elementos de la Secretar\u00eda de la Defensa Nacional y al lugar se dirigieron unidades de la Guardia Estatal y de la Fiscal\u00eda General del Estado para dar apoyo.<\/p>\n\n\n\n<p>Durante la agresi\u00f3n un soldado result\u00f3 herido y con apoyo de las fuerzas estatales se inici\u00f3 una persecuci\u00f3n. En el poblado La Loma, municipio de San Fernando, los efectivos alcanzaron a los pistoleros, presuntamente ligados a grupos delincuenciales, e inici\u00f3 el enfrentamiento que dej\u00f3 nueve muertos.<\/p>\n\n\n\n<p>En el lugar, las fuerzas castrenses aseguraron tres camionetas, adem\u00e1s de armas largas y cortas. Los cuerpos fueron trasladados al Servicio M\u00e9dico Forense.&nbsp;<\/p>\n\n\n\n<p>INCENDIAN VEH\u00cdCULOS<\/p>\n\n\n\n<p>En Colima, la madrugada del viernes, integrantes de bandas delictivas quemaron veh\u00edculos y bloquearon la carretera Tecom\u00e1n-Cerro de Ortega, en represalia por la detenci\u00f3n de varios sujetos y la muerte de uno que particip\u00f3 en un secuestro, inform\u00f3 la Secretar\u00eda de Seguridad P\u00fablica.<\/p>\n\n\n\n<p>Precis\u00f3 que despu\u00e9s de recibir el reporte por la privaci\u00f3n ilegal de la libertad de una persona en Tecom\u00e1n, elementos policiacos y de la Secretar\u00eda de Marina realizaron un operativo en la zona del plagio.<\/p>\n\n\n\n<p>Durante la b\u00fasqueda detectaron un veh\u00edculo sospechoso y le marcaron el alto, pero sus tripulantes abrieron fuego contra los uniformados y huyeron. Se inici\u00f3 una persecuci\u00f3n y para evitar el arresto, los sujetos incendiaron automotores en distintos puntos del municipio. Al final, un hombre result\u00f3 muerto y la unidad qued\u00f3 asegurada.<\/p>\n\n\n\n<p>EN GUANAJUATO<\/p>\n\n\n\n<p>En Guanajuato, Israel Cerritos Bustamante, funcionario municipal de San Miguel de Allende, fue asesinado a balazos antenoche. El servidor p\u00fablico se dedicaba a repartir despensas y viajaba en un veh\u00edculo oficial cuando lo balearon.<\/p>\n\n\n\n<p>Otras siete personas murieron en presuntos actos de la delincuencia organizada en los municipios de Cortazar, Salvatierra, San Miguel de Allende, P\u00e9njamo, Valle de Santiago, Dolores Hidalgo y Celaya.<\/p>\n\n\n\n<p>En Jalisco, hallaron el cuerpo de una mujer en un camino de San Sebasti\u00e1n El Grande, municipio de Tlajomulco; estaba envuelta en cobijas y pl\u00e1sticos, especificaron autoridades.<\/p>\n","protected":false},"excerpt":{"rendered":"<p>Redacci\u00f3n\/Zona Roja Cdmx. Ciudad de M\u00e9xico, a 8 de julio de 2023.- Efectivos militares abatieron&hellip;<\/p>\n","protected":false},"author":2,"featured_media":47151,"comment_status":"closed","ping_status":"open","sticky":false,"template":"","format":"standard","meta":{"_lmt_disableupdate":"","_lmt_disable":"","_jetpack_memberships_contains_paid_content":false,"footnotes":""},"categories":[109,51],"tags":[1746],"class_list":["post-57323","post","type-post","status-publish","format-standard","has-post-thumbnail","hentry","category-minuto-a-minuto","category-zona-roja","tag-violencia-en-mexico"],"jetpack_featured_media_url":"https:\/\/zonaroja.com.mx\/wp-content\/uploads\/2022\/10\/Delitos-violencia-homicidios-asesinatos-Oaxaca.jpg","jetpack_sharing_enabled":true,"_links":{"self":[{"href":"https:\/\/zonaroja.com.mx\/index.php?rest_route=\/wp\/v2\/posts\/57323","targetHints":{"allow":["GET"]}}],"collection":[{"href":"https:\/\/zonaroja.com.mx\/index.php?rest_route=\/wp\/v2\/posts"}],"about":[{"href":"https:\/\/zonaroja.com.mx\/index.php?rest_route=\/wp\/v2\/types\/post"}],"author":[{"embeddable":true,"href":"https:\/\/zonaroja.com.mx\/index.php?rest_route=\/wp\/v2\/users\/2"}],"replies":[{"embeddable":true,"href":"https:\/\/zonaroja.com.mx\/index.php?rest_route=%2Fwp%2Fv2%2Fcomments&post=57323"}],"version-history":[{"count":1,"href":"https:\/\/zonaroja.com.mx\/index.php?rest_route=\/wp\/v2\/posts\/57323\/revisions"}],"predecessor-version":[{"id":57324,"href":"https:\/\/zonaroja.com.mx\/index.php?rest_route=\/wp\/v2\/posts\/57323\/revisions\/57324"}],"wp:featuredmedia":[{"embeddable":true,"href":"https:\/\/zonaroja.com.mx\/index.php?rest_route=\/wp\/v2\/media\/47151"}],"wp:attachment":[{"href":"https:\/\/zonaroja.com.mx\/index.php?rest_route=%2Fwp%2Fv2%2Fmedia&parent=57323"}],"wp:term":[{"taxonomy":"category","embeddable":true,"href":"https:\/\/zonaroja.com.mx\/index.php?rest_route=%2Fwp%2Fv2%2Fcategories&post=57323"},{"taxonomy":"post_tag","embeddable":true,"href":"https:\/\/zonaroja.com.mx\/index.php?rest_route=%2Fwp%2Fv2%2Ftags&post=57323"}],"curies":[{"name":"wp","href":"https:\/\/api.w.org\/{rel}","templated":true}]}}