{"id":57325,"date":"2023-07-08T10:00:00","date_gmt":"2023-07-08T15:00:00","guid":{"rendered":"http:\/\/www.zonaroja.com.mx\/?p=57325"},"modified":"2023-07-08T07:39:22","modified_gmt":"2023-07-08T12:39:22","slug":"deja-el-viernes-otros-dos-asesinados-en-oaxaca-suman-cuatro","status":"publish","type":"post","link":"https:\/\/zonaroja.com.mx\/?p=57325","title":{"rendered":"Deja el viernes otros dos asesinados en Oaxaca; suman cuatro\u00a0"},"content":{"rendered":"\n<p>Ismael Garc\u00eda M..\/Zona Roja.<\/p>\n\n\n\n<p>Oaxaca de Ju\u00e1rez, Oax., a 8 de julio de 2023.- A una semana de la Guelaguetza, en Oaxaca otras dos personas fueron asesinadas durante el viernes, entre ellas un profesor, por lo que el n\u00famero de v\u00edctimas mortales ascendi\u00f3 a cuatro el d\u00eda de ayer.<\/p>\n\n\n\n<p>Anoche, en el municipio de Salina Cruz, que gobierna el morenista Daniel M\u00e9ndez Sosa, fue ultimado a balazos un individuo, que fue identificado como Juan E. S. L. A.<\/p>\n\n\n\n<p>El cuerpo fue localizado camino a la localidad La Ventosa y seg\u00fan los primeros reportes policiacos, recibi\u00f3 al menos 14 impactos de arma de fuego.&nbsp;<\/p>\n\n\n\n<p>De acuerdo con medios informativos de la regi\u00f3n del Istmo de Tehuantepec, el mismo sujeto fue detenido por los vecinos el pasado 5 de julio en la colonia Hugo Mayoral, acusado de haber asaltado varios domicilios, y a quien pretend\u00edan linchar.<\/p>\n\n\n\n<p>Por otra parte, en el municipio de Miahuatl\u00e1n de Porfirio D\u00edaz, en la regi\u00f3n Sierra Sur de Oaxaca, fue asesinado por disparos de arma de fuego un profesor de la Escuela Secundaria T\u00e9cnica.<\/p>\n\n\n\n<p>De manera preliminar se inform\u00f3 que la v\u00edctima respondi\u00f3 al nombre de No\u00e9 S. G., quien fue atacado a balazos mientras circulaba a bordo de su motocicleta, a la altura de la localidad de Guishe.<\/p>\n\n\n\n<p>Como se inform\u00f3 ayer, un individuo fue asesinado en su domicilio, en Santa Cruz Huatulco, mientras que en la Heroica Ciudad de Tlaxiaco fue hallado un cuerpo sin vida, flotando en un r\u00edo.<\/p>\n","protected":false},"excerpt":{"rendered":"<p>Ismael Garc\u00eda M..\/Zona Roja. Oaxaca de Ju\u00e1rez, Oax., a 8 de julio de 2023.- A&hellip;<\/p>\n","protected":false},"author":2,"featured_media":7486,"comment_status":"closed","ping_status":"open","sticky":false,"template":"","format":"standard","meta":{"_lmt_disableupdate":"","_lmt_disable":"","_jetpack_memberships_contains_paid_content":false,"footnotes":""},"categories":[109,51],"tags":[169,168],"class_list":["post-57325","post","type-post","status-publish","format-standard","has-post-thumbnail","hentry","category-minuto-a-minuto","category-zona-roja","tag-miahuatlan-de-porfirio-diaz","tag-salina-cruz"],"jetpack_featured_media_url":"https:\/\/zonaroja.com.mx\/wp-content\/uploads\/2020\/01\/Escena-del-crimen7.jpg","jetpack_sharing_enabled":true,"_links":{"self":[{"href":"https:\/\/zonaroja.com.mx\/index.php?rest_route=\/wp\/v2\/posts\/57325","targetHints":{"allow":["GET"]}}],"collection":[{"href":"https:\/\/zonaroja.com.mx\/index.php?rest_route=\/wp\/v2\/posts"}],"about":[{"href":"https:\/\/zonaroja.com.mx\/index.php?rest_route=\/wp\/v2\/types\/post"}],"author":[{"embeddable":true,"href":"https:\/\/zonaroja.com.mx\/index.php?rest_route=\/wp\/v2\/users\/2"}],"replies":[{"embeddable":true,"href":"https:\/\/zonaroja.com.mx\/index.php?rest_route=%2Fwp%2Fv2%2Fcomments&post=57325"}],"version-history":[{"count":1,"href":"https:\/\/zonaroja.com.mx\/index.php?rest_route=\/wp\/v2\/posts\/57325\/revisions"}],"predecessor-version":[{"id":57326,"href":"https:\/\/zonaroja.com.mx\/index.php?rest_route=\/wp\/v2\/posts\/57325\/revisions\/57326"}],"wp:featuredmedia":[{"embeddable":true,"href":"https:\/\/zonaroja.com.mx\/index.php?rest_route=\/wp\/v2\/media\/7486"}],"wp:attachment":[{"href":"https:\/\/zonaroja.com.mx\/index.php?rest_route=%2Fwp%2Fv2%2Fmedia&parent=57325"}],"wp:term":[{"taxonomy":"category","embeddable":true,"href":"https:\/\/zonaroja.com.mx\/index.php?rest_route=%2Fwp%2Fv2%2Fcategories&post=57325"},{"taxonomy":"post_tag","embeddable":true,"href":"https:\/\/zonaroja.com.mx\/index.php?rest_route=%2Fwp%2Fv2%2Ftags&post=57325"}],"curies":[{"name":"wp","href":"https:\/\/api.w.org\/{rel}","templated":true}]}}