{"id":57327,"date":"2023-07-08T14:00:00","date_gmt":"2023-07-08T19:00:00","guid":{"rendered":"http:\/\/www.zonaroja.com.mx\/?p=57327"},"modified":"2023-07-08T07:46:18","modified_gmt":"2023-07-08T12:46:18","slug":"condena-a-40-anos-de-prision-a-sujeto-que-asesino-a-activista-en-putla","status":"publish","type":"post","link":"https:\/\/zonaroja.com.mx\/?p=57327","title":{"rendered":"Condena a 40 a\u00f1os de prisi\u00f3n a sujeto que asesin\u00f3 a activista en Putla"},"content":{"rendered":"\n<p>Redacci\u00f3n\/Zona Roja.<\/p>\n\n\n\n<p>Oaxaca de Ju\u00e1rez, Oax., a 8 de julio de 2023.- &nbsp;Despu\u00e9s de Cinco a\u00f1os con dos meses y 11 d\u00edas, ayer se dict\u00f3 sentencia por el asesinato de Yaneth Gonz\u00e1lez L\u00f3pez, en ese entonces tesorera municipal de Constancia del Rosario, Putla, y defensora de derechos humanos.<\/p>\n\n\n\n<p>Familiares de la V\u00edctima y el Centro de Derechos Humanos y Asesor\u00eda a Pueblos Ind\u00edgenas A.C., dieron a conocer que ayer se llev\u00f3 a cabo la Audiencia de Individualizaci\u00f3n de sanciones y Reparaci\u00f3n del Da\u00f1o, dentro de la causa penal 227\/2022, donde el juez Carlos Fuentes Ferrer dict\u00f3 sentencia condenatoria con la pena m\u00e1xima de 40 a\u00f1os de prisi\u00f3n a Pablo S\u00e1nchez Medel.<\/p>\n\n\n\n<p>La Cedhapi y la familia de Yaneth Gonz\u00e1lez L\u00f3pez \u201creconocemos la labor de la Fiscal\u00eda General del Estado a cargo del maestro Bernardo Rodr\u00edguez Alamilla por su desempe\u00f1o al haber logrado por conducto del profesionalismo y compromiso\u201d del personal, la pena m\u00e1xima contra el homicida.<\/p>\n\n\n\n<p>Con ello \u201c, dejan un precedente significativo en el estado de Oaxaca y en la regi\u00f3n Mixteca en casos de homicidios y feminicidios de mujeres\u201d, expusieron a trav\u00e9s de un comunicado.<\/p>\n\n\n\n<p>Fue el lunes 26 de marzo de 2018, aproximadamente a las 18:50 horas de la tarde, en que Yaneth Gonz\u00e1lez L\u00f3pez lleg\u00f3 a la Unidad Habitacional Pochtlan, Putla Villa de Guerrero, lugar donde viv\u00eda, a bordo de su camioneta blanca Chevrolet Tracker, en compa\u00f1\u00eda de su hijo de nueve a\u00f1os de edad.<\/p>\n\n\n\n<p>Cuando al estacionar su camioneta frente a su vivienda a la altura de la puerta principal, dos personas del sexo masculino le dispararon en la cabeza y cuerpo caus\u00e1ndole la muerte de forma instant\u00e1nea, todo esto con la presencia de sus familiares.<\/p>\n\n\n\n<p>De este hecho se inici\u00f3 la Carpeta de Investigaci\u00f3n 1014\/PG\/2018 por el delito de Homicidio calificado de Yaneth Gonz\u00e1lez L\u00f3pez.<\/p>\n","protected":false},"excerpt":{"rendered":"<p>Redacci\u00f3n\/Zona Roja. Oaxaca de Ju\u00e1rez, Oax., a 8 de julio de 2023.- &nbsp;Despu\u00e9s de Cinco&hellip;<\/p>\n","protected":false},"author":2,"featured_media":10326,"comment_status":"closed","ping_status":"open","sticky":false,"template":"","format":"standard","meta":{"_lmt_disableupdate":"","_lmt_disable":"","_jetpack_memberships_contains_paid_content":false,"footnotes":""},"categories":[109,46],"tags":[1562],"class_list":["post-57327","post","type-post","status-publish","format-standard","has-post-thumbnail","hentry","category-minuto-a-minuto","category-zona-blanca","tag-yaneth-gonzalez-putla"],"jetpack_featured_media_url":"https:\/\/zonaroja.com.mx\/wp-content\/uploads\/2020\/03\/Yaneth-Gonz\u00e1lez.jpg","jetpack_sharing_enabled":true,"_links":{"self":[{"href":"https:\/\/zonaroja.com.mx\/index.php?rest_route=\/wp\/v2\/posts\/57327","targetHints":{"allow":["GET"]}}],"collection":[{"href":"https:\/\/zonaroja.com.mx\/index.php?rest_route=\/wp\/v2\/posts"}],"about":[{"href":"https:\/\/zonaroja.com.mx\/index.php?rest_route=\/wp\/v2\/types\/post"}],"author":[{"embeddable":true,"href":"https:\/\/zonaroja.com.mx\/index.php?rest_route=\/wp\/v2\/users\/2"}],"replies":[{"embeddable":true,"href":"https:\/\/zonaroja.com.mx\/index.php?rest_route=%2Fwp%2Fv2%2Fcomments&post=57327"}],"version-history":[{"count":1,"href":"https:\/\/zonaroja.com.mx\/index.php?rest_route=\/wp\/v2\/posts\/57327\/revisions"}],"predecessor-version":[{"id":57328,"href":"https:\/\/zonaroja.com.mx\/index.php?rest_route=\/wp\/v2\/posts\/57327\/revisions\/57328"}],"wp:featuredmedia":[{"embeddable":true,"href":"https:\/\/zonaroja.com.mx\/index.php?rest_route=\/wp\/v2\/media\/10326"}],"wp:attachment":[{"href":"https:\/\/zonaroja.com.mx\/index.php?rest_route=%2Fwp%2Fv2%2Fmedia&parent=57327"}],"wp:term":[{"taxonomy":"category","embeddable":true,"href":"https:\/\/zonaroja.com.mx\/index.php?rest_route=%2Fwp%2Fv2%2Fcategories&post=57327"},{"taxonomy":"post_tag","embeddable":true,"href":"https:\/\/zonaroja.com.mx\/index.php?rest_route=%2Fwp%2Fv2%2Ftags&post=57327"}],"curies":[{"name":"wp","href":"https:\/\/api.w.org\/{rel}","templated":true}]}}