{"id":5733,"date":"2019-11-14T16:33:32","date_gmt":"2019-11-14T22:33:32","guid":{"rendered":"http:\/\/www.zonaroja.com.mx\/?p=5733"},"modified":"2019-11-14T16:33:35","modified_gmt":"2019-11-14T22:33:35","slug":"denuncian-apatia-oficial-y-exigen-busqueda-de-dos-desaparecidos","status":"publish","type":"post","link":"https:\/\/zonaroja.com.mx\/?p=5733","title":{"rendered":"Denuncian apat\u00eda oficial y exigen b\u00fasqueda de dos desaparecidos"},"content":{"rendered":"\n<p>Redacci\u00f3n\/Zona Roja.<\/p>\n\n\n\n<p>Oaxaca de Ju\u00e1rez, Oax., 14 de noviembre\nde 2019.- Familiares de C\u00e9sar Altamirano Garc\u00eda y Heriberto Antonio Cruz D\u00edaz,\ndesaparecidos desde el pasado jueves 7 de noviembre, exigieron al gobierno de\nOaxaca la b\u00fasqueda de los varones de forma urgente, ya que se presume fueron\nlinchados en la localidad de Santa Mar\u00eda Tlahuiltoltepec.<\/p>\n\n\n\n<p>Teresa Heredia Espitia, esposa de C\u00e9sar\nAltamirano, quien se desempe\u00f1a como polic\u00eda municipal, indic\u00f3 que fue la ma\u00f1ana\ndel jueves la \u00faltima vez que vio a su pareja, luego de que saliera de su\nvivienda a bordo de una camioneta que previamente hab\u00eda mandado a arreglar.<\/p>\n\n\n\n<p>Bajo el argumento que iba a probar la\ncamioneta y que volver\u00eda para recoger a su hijo de la escuela, C\u00e9sar\ndesapareci\u00f3 sin que hasta el momento sepan de su paradero.<\/p>\n\n\n\n<p>Situaci\u00f3n que le preocupa de sobremanera ante los rumores que se manejan en redes sociales acerca de arribo a la localidad Mixe en donde la poblaci\u00f3n presuntamente lo detuvo y posteriormente lo linch\u00f3.<\/p>\n\n\n\n<figure class=\"wp-block-embed-twitter wp-block-embed is-type-rich is-provider-twitter\"><div class=\"wp-block-embed__wrapper\">\n<div class=\"twitter-tweet\"><blockquote class=\"twitter-tweet\" data-lang=\"es\"><p lang=\"es\" dir=\"ltr\"><a href=\"https:\/\/twitter.com\/hashtag\/OaxacaRojo?src=hash&amp;ref_src=twsrc%5Etfw\">#OaxacaRojo<\/a><br>Angustiados, familiares del polic\u00eda municipal y ex polic\u00eda desaparecidos hace ocho d\u00edas, claman al <a href=\"https:\/\/twitter.com\/GobOax?ref_src=twsrc%5Etfw\">@GobOax<\/a>, <a href=\"https:\/\/twitter.com\/FISCALIA_GobOax?ref_src=twsrc%5Etfw\">@FISCALIA_GobOax<\/a> <a href=\"https:\/\/twitter.com\/FGR_Oax?ref_src=twsrc%5Etfw\">@FGR_Oax<\/a> <a href=\"https:\/\/twitter.com\/KarinaBaronO?ref_src=twsrc%5Etfw\">@KarinaBaronO<\/a> urgente intervenci\u00f3n para buscar a las dos personas; s\u00f3lo pretextos les dan para no indagar. <a href=\"https:\/\/t.co\/xADDC4shoJ\">pic.twitter.com\/xADDC4shoJ<\/a><\/p>&mdash; Zona Roja Oaxaca (@MexRoja) <a href=\"https:\/\/twitter.com\/MexRoja\/status\/1195013459508912131?ref_src=twsrc%5Etfw\">14 de noviembre de 2019<\/a><\/blockquote><\/div>\n<\/div><\/figure>\n\n\n\n<p>Por lo anterior solicit\u00f3 la\nintervenci\u00f3n del gobernador Alejandro Murat Hinojosa y del Presidente de la\nRep\u00fablica, Andr\u00e9s Manuel L\u00f3pez Obrador, para comprobar si los dichos son\nciertos, ya que la Fiscal\u00eda General del Estado no ha podido explicar si se\ntrata de informaci\u00f3n ver\u00eddica a la par que ha manifestado que no puede acudir a\nla zona porque representa un riesgo.&nbsp;&nbsp;&nbsp; <\/p>\n\n\n\n<p>\u201cLa Fiscal\u00eda me ha dicho que a\u00fan no\nsabe nada que no tienen noticias, que no pueden entrar ah\u00ed porque las\ncarreteras y entradas a la poblaci\u00f3n est\u00e1n cerradas, que no pueden entrar y no\ntengo ninguna noticia de ning\u00fan lado\u201d, dijo en conferencia de prensa.<\/p>\n\n\n\n<p>Heredia Espitia indic\u00f3 que en su\ndesesperaci\u00f3n ha pensado acudir a la zona, sin embargo mucha gente le ha\nadvertido que no es seguro, por lo que se ha contenido de realizar la b\u00fasqueda\npor su cuenta.<\/p>\n\n\n\n<p>Por su parte, la madre de Heriberto\nAntonio Cruz, segunda persona desaparecida, se dijo consternada ante la falta\nde respuesta por parte de las autoridades, mientras que pobladores de la zona\nMixe niegan los hechos.<\/p>\n\n\n\n<p>Asegur\u00f3 que de forma personal ella\nllam\u00f3 a una autoridad municipal de la zona, quien neg\u00f3 los hechos que han\ntrascendido en las redes, mientras la Fiscal\u00eda asegura que encontraron el\nveh\u00edculo pero ni aporte ning\u00fan otro tipo de dato.<\/p>\n\n\n\n<p>\u201cDe que se trata, no hay seriedad en\nlas autoridades, no ven el dolor de las familias, si cometieron un delito\ncast\u00edguenlos, pero conforme a la ley. Yo lo \u00fanico que necesito es que me\nentreguen a mi hijo como est\u00e9 pero que me lo entregue porque ya no puedo con\neste dolor\u201d, asegur\u00f3 con l\u00e1grimas en los ojos.<\/p>\n\n\n\n<p>Finalmente, indic\u00f3 que ambas familias\nya acudieron a la Defensor\u00eda de los Derechos Humanos de Pueblo de Oaxaca, sin\nembargo tampoco han tenido respuesta y ser\u00e1 hasta este jueves que les respondan\na la queja que interpusieron, a la par que aseguraron seguir\u00e1n luchando para\nexigir la aparici\u00f3n de las dos personas que desaparecieron el jueves pasado.<\/p>\n","protected":false},"excerpt":{"rendered":"<p>Redacci\u00f3n\/Zona Roja. Oaxaca de Ju\u00e1rez, Oax., 14 de noviembre de 2019.- Familiares de C\u00e9sar Altamirano&hellip;<\/p>\n","protected":false},"author":2,"featured_media":5734,"comment_status":"closed","ping_status":"open","sticky":false,"template":"","format":"standard","meta":{"_lmt_disableupdate":"","_lmt_disable":"","_jetpack_memberships_contains_paid_content":false,"footnotes":""},"categories":[109,47],"tags":[1008],"class_list":["post-5733","post","type-post","status-publish","format-standard","has-post-thumbnail","hentry","category-minuto-a-minuto","category-zona-gris","tag-policia-y-ex-policia-desaparecido"],"jetpack_featured_media_url":"https:\/\/zonaroja.com.mx\/wp-content\/uploads\/2019\/11\/IMG_8405.jpg","jetpack_sharing_enabled":true,"_links":{"self":[{"href":"https:\/\/zonaroja.com.mx\/index.php?rest_route=\/wp\/v2\/posts\/5733","targetHints":{"allow":["GET"]}}],"collection":[{"href":"https:\/\/zonaroja.com.mx\/index.php?rest_route=\/wp\/v2\/posts"}],"about":[{"href":"https:\/\/zonaroja.com.mx\/index.php?rest_route=\/wp\/v2\/types\/post"}],"author":[{"embeddable":true,"href":"https:\/\/zonaroja.com.mx\/index.php?rest_route=\/wp\/v2\/users\/2"}],"replies":[{"embeddable":true,"href":"https:\/\/zonaroja.com.mx\/index.php?rest_route=%2Fwp%2Fv2%2Fcomments&post=5733"}],"version-history":[{"count":1,"href":"https:\/\/zonaroja.com.mx\/index.php?rest_route=\/wp\/v2\/posts\/5733\/revisions"}],"predecessor-version":[{"id":5735,"href":"https:\/\/zonaroja.com.mx\/index.php?rest_route=\/wp\/v2\/posts\/5733\/revisions\/5735"}],"wp:featuredmedia":[{"embeddable":true,"href":"https:\/\/zonaroja.com.mx\/index.php?rest_route=\/wp\/v2\/media\/5734"}],"wp:attachment":[{"href":"https:\/\/zonaroja.com.mx\/index.php?rest_route=%2Fwp%2Fv2%2Fmedia&parent=5733"}],"wp:term":[{"taxonomy":"category","embeddable":true,"href":"https:\/\/zonaroja.com.mx\/index.php?rest_route=%2Fwp%2Fv2%2Fcategories&post=5733"},{"taxonomy":"post_tag","embeddable":true,"href":"https:\/\/zonaroja.com.mx\/index.php?rest_route=%2Fwp%2Fv2%2Ftags&post=5733"}],"curies":[{"name":"wp","href":"https:\/\/api.w.org\/{rel}","templated":true}]}}