{"id":57334,"date":"2023-07-09T12:57:00","date_gmt":"2023-07-09T17:57:00","guid":{"rendered":"http:\/\/www.zonaroja.com.mx\/?p=57334"},"modified":"2023-07-09T07:02:15","modified_gmt":"2023-07-09T12:02:15","slug":"junio-el-mes-mas-caluroso-de-la-historia-a-nivel-global","status":"publish","type":"post","link":"https:\/\/zonaroja.com.mx\/?p=57334","title":{"rendered":"Junio, el mes m\u00e1s caluroso de la historia a nivel global"},"content":{"rendered":"\n<p>Redacci\u00f3n\/Zona Roja Cdmx.<\/p>\n\n\n\n<p>Ciudad de M\u00e9xico, a 9 de julio de 2023.- Junio despunta como el mes m\u00e1s caluroso registrado hasta la fecha en el planeta, b\u00e1sicamente a causa del calentamiento de los oc\u00e9anos provocado por la combinaci\u00f3n del cambio clim\u00e1tico y el retorno del fen\u00f3meno meteorol\u00f3gico \u201cEl Ni\u00f1o\u201d, de acuerdo con el observatorio europeo Copernicus.<\/p>\n\n\n\n<p>El mes pasado registr\u00f3 0.5 grados Celsius por encima de la media de 1991-2020, lo que supera ampliamente el r\u00e9cord de junio de 2019, a\u00f1adi\u00f3 la instituci\u00f3n que estudia el cambio clim\u00e1tico.<\/p>\n\n\n\n<p>En junio la temperatura media planetaria fue de 16.51\u00ba C.<\/p>\n\n\n\n<p>Aunque predecir el rumbo del verano boreal de 2023 es dif\u00edcil, los r\u00e9cords de temperatura se encadenan en el mundo desde abril, lo que aviva el temor de grandes incendios forestales y sequ\u00edas.<\/p>\n\n\n\n<p>Los datos de Copernicus, de la Uni\u00f3n Europea, se remontan a 1950 y son utilizados como referencia junto a los de NOAA, la agencia meteorol\u00f3gica de EU.<\/p>\n\n\n\n<p>Las temperaturas batieron r\u00e9cords en el noroeste de Europa, mientras que, en ciertas partes de Canad\u00e1, Estados Unidos, M\u00e9xico, Asia y el este de Australia \u00abfueron netamente m\u00e1s c\u00e1lidas de lo normal\u00bb, explic\u00f3 Copernicus.<\/p>\n\n\n\n<p>En cambio, fueron \u00abm\u00e1s frescas\u00bb en el oeste de Australia, oeste de EU y oeste de Rusia.<\/p>\n\n\n\n<p>Desde hace 15 a\u00f1os junio supera regularmente las medias del periodo 1991-2020, pero en \u00ab2023 est\u00e1 muy por encima de los dem\u00e1s: es un tipo de anomal\u00eda a la que no estamos acostumbrados\u00bb, explic\u00f3 Julien Nicolas, cient\u00edfico del observatorio europeo.<\/p>\n\n\n\n<p>\u00abEl r\u00e9cord de junio se debe a la oleada de calor en la superficie del oc\u00e9ano\u00bb, que constituye 70 por ciento de la superficie del globo.<\/p>\n\n\n\n<p>Las temperaturas hab\u00edan alcanzado niveles m\u00e1ximos en mayo en el oc\u00e9ano Pac\u00edfico debido a la aparici\u00f3n de \u201cEl Ni\u00f1o\u201d.<\/p>\n\n\n\n<p>En junio, el Atl\u00e1ntico Norte experiment\u00f3 olas de calor \u00abque sorprendieron a la gente, al alcanzar niveles verdaderamente sin precedentes\u00bb, seg\u00fan Copernicus.<\/p>\n\n\n\n<p>Can\u00edculas marinas<\/p>\n\n\n\n<p>El pasado lunes 3 de julio fue el d\u00eda m\u00e1s caluroso de la historia a escala mundial, seg\u00fan los Centros Nacionales de Pron\u00f3stico Ambiental de Estados Unidos.<\/p>\n\n\n\n<p>La temperatura global promedio alcanz\u00f3 17.01 grados Celsius, superando el r\u00e9cord de agosto de 2016 (16.92 grados), mientras que las olas de calor afectaban a diversas zonas del mundo.<\/p>\n","protected":false},"excerpt":{"rendered":"<p>Redacci\u00f3n\/Zona Roja Cdmx. Ciudad de M\u00e9xico, a 9 de julio de 2023.- Junio despunta como&hellip;<\/p>\n","protected":false},"author":2,"featured_media":43828,"comment_status":"closed","ping_status":"open","sticky":false,"template":"","format":"standard","meta":{"_lmt_disableupdate":"","_lmt_disable":"","_jetpack_memberships_contains_paid_content":false,"footnotes":""},"categories":[109,47],"tags":[3410],"class_list":["post-57334","post","type-post","status-publish","format-standard","has-post-thumbnail","hentry","category-minuto-a-minuto","category-zona-gris","tag-calentamiento-global"],"jetpack_featured_media_url":"https:\/\/zonaroja.com.mx\/wp-content\/uploads\/2022\/07\/Ola-de-calor-Europa.jpeg","jetpack_sharing_enabled":true,"_links":{"self":[{"href":"https:\/\/zonaroja.com.mx\/index.php?rest_route=\/wp\/v2\/posts\/57334","targetHints":{"allow":["GET"]}}],"collection":[{"href":"https:\/\/zonaroja.com.mx\/index.php?rest_route=\/wp\/v2\/posts"}],"about":[{"href":"https:\/\/zonaroja.com.mx\/index.php?rest_route=\/wp\/v2\/types\/post"}],"author":[{"embeddable":true,"href":"https:\/\/zonaroja.com.mx\/index.php?rest_route=\/wp\/v2\/users\/2"}],"replies":[{"embeddable":true,"href":"https:\/\/zonaroja.com.mx\/index.php?rest_route=%2Fwp%2Fv2%2Fcomments&post=57334"}],"version-history":[{"count":2,"href":"https:\/\/zonaroja.com.mx\/index.php?rest_route=\/wp\/v2\/posts\/57334\/revisions"}],"predecessor-version":[{"id":57349,"href":"https:\/\/zonaroja.com.mx\/index.php?rest_route=\/wp\/v2\/posts\/57334\/revisions\/57349"}],"wp:featuredmedia":[{"embeddable":true,"href":"https:\/\/zonaroja.com.mx\/index.php?rest_route=\/wp\/v2\/media\/43828"}],"wp:attachment":[{"href":"https:\/\/zonaroja.com.mx\/index.php?rest_route=%2Fwp%2Fv2%2Fmedia&parent=57334"}],"wp:term":[{"taxonomy":"category","embeddable":true,"href":"https:\/\/zonaroja.com.mx\/index.php?rest_route=%2Fwp%2Fv2%2Fcategories&post=57334"},{"taxonomy":"post_tag","embeddable":true,"href":"https:\/\/zonaroja.com.mx\/index.php?rest_route=%2Fwp%2Fv2%2Ftags&post=57334"}],"curies":[{"name":"wp","href":"https:\/\/api.w.org\/{rel}","templated":true}]}}