{"id":57336,"date":"2023-07-08T18:01:00","date_gmt":"2023-07-08T23:01:00","guid":{"rendered":"http:\/\/www.zonaroja.com.mx\/?p=57336"},"modified":"2023-07-08T08:03:18","modified_gmt":"2023-07-08T13:03:18","slug":"en-operativos-en-valles-y-cuenca-recupera-fiscalia-vehiculos-con-reporte-de-robo","status":"publish","type":"post","link":"https:\/\/zonaroja.com.mx\/?p=57336","title":{"rendered":"En operativos en Valles y Cuenca, recupera Fiscal\u00eda veh\u00edculos con reporte de robo"},"content":{"rendered":"\n<p>Redacci\u00f3n\/Zona Roja.&nbsp;<\/p>\n\n\n\n<p>Oaxaca de Ju\u00e1rez, Oax., a 8 de julio de 2023.- En el marco de operativos efectuados por la Agencia Estatal de Investigaciones (AEI) en las regiones de Valles Centrales y Cuenca, la Fiscal\u00eda General del Estado de Oaxaca (FGEO) recuper\u00f3 veh\u00edculos de motor con reporte de robo.<\/p>\n\n\n\n<p>Durante un cateo efectuado a un taller mec\u00e1nico ubicado en San Juan Bautista Valle Nacional, se logr\u00f3 el aseguramiento de motocicletas de marcas como Vento, Bajaj e Italika, que est\u00e1n dentro de carpetas de investigaci\u00f3n derivadas de denuncias interpuestas por robo.<\/p>\n\n\n\n<p>As\u00ed tambi\u00e9n, la Unidad de Investigaci\u00f3n de Robo de Veh\u00edculos de Valles Centrales realiz\u00f3 el aseguramiento de veh\u00edculos de motor marca Chevrolet, en inmediaciones de la colonia la Rep\u00fablica, perteneciente a San Jacinto Amilpas.<\/p>\n\n\n\n<p>Los autom\u00f3viles fueron trasladados a un encierro para que se contin\u00faen con las investigaciones correspondientes.<\/p>\n\n\n\n<p>Adem\u00e1s, elementos esa misma unidad recuperaron una excavadora de color naranja, cuando se encontraba estacionada en San Sebasti\u00e1n Tutla, en la regi\u00f3n de Valles, motivo por el cual fue asegurada, quedando a disposici\u00f3n de la autoridad.<\/p>\n\n\n\n<p>La Fiscal\u00eda General del Estado de Oaxaca refrenda el compromiso de efectuar operativos permanentes que permitan la recuperaci\u00f3n de bienes para v\u00edctimas del delito de robo de veh\u00edculos.<\/p>\n","protected":false},"excerpt":{"rendered":"<p>Redacci\u00f3n\/Zona Roja.&nbsp; Oaxaca de Ju\u00e1rez, Oax., a 8 de julio de 2023.- En el marco&hellip;<\/p>\n","protected":false},"author":2,"featured_media":57337,"comment_status":"closed","ping_status":"open","sticky":false,"template":"","format":"standard","meta":{"_lmt_disableupdate":"","_lmt_disable":"","_jetpack_memberships_contains_paid_content":false,"footnotes":""},"categories":[109,46],"tags":[494],"class_list":["post-57336","post","type-post","status-publish","format-standard","has-post-thumbnail","hentry","category-minuto-a-minuto","category-zona-blanca","tag-fiscalia-general-del-estado-de-oaxaca"],"jetpack_featured_media_url":"https:\/\/zonaroja.com.mx\/wp-content\/uploads\/2023\/07\/Robo-de-vehiculo.jpeg","jetpack_sharing_enabled":true,"_links":{"self":[{"href":"https:\/\/zonaroja.com.mx\/index.php?rest_route=\/wp\/v2\/posts\/57336","targetHints":{"allow":["GET"]}}],"collection":[{"href":"https:\/\/zonaroja.com.mx\/index.php?rest_route=\/wp\/v2\/posts"}],"about":[{"href":"https:\/\/zonaroja.com.mx\/index.php?rest_route=\/wp\/v2\/types\/post"}],"author":[{"embeddable":true,"href":"https:\/\/zonaroja.com.mx\/index.php?rest_route=\/wp\/v2\/users\/2"}],"replies":[{"embeddable":true,"href":"https:\/\/zonaroja.com.mx\/index.php?rest_route=%2Fwp%2Fv2%2Fcomments&post=57336"}],"version-history":[{"count":1,"href":"https:\/\/zonaroja.com.mx\/index.php?rest_route=\/wp\/v2\/posts\/57336\/revisions"}],"predecessor-version":[{"id":57338,"href":"https:\/\/zonaroja.com.mx\/index.php?rest_route=\/wp\/v2\/posts\/57336\/revisions\/57338"}],"wp:featuredmedia":[{"embeddable":true,"href":"https:\/\/zonaroja.com.mx\/index.php?rest_route=\/wp\/v2\/media\/57337"}],"wp:attachment":[{"href":"https:\/\/zonaroja.com.mx\/index.php?rest_route=%2Fwp%2Fv2%2Fmedia&parent=57336"}],"wp:term":[{"taxonomy":"category","embeddable":true,"href":"https:\/\/zonaroja.com.mx\/index.php?rest_route=%2Fwp%2Fv2%2Fcategories&post=57336"},{"taxonomy":"post_tag","embeddable":true,"href":"https:\/\/zonaroja.com.mx\/index.php?rest_route=%2Fwp%2Fv2%2Ftags&post=57336"}],"curies":[{"name":"wp","href":"https:\/\/api.w.org\/{rel}","templated":true}]}}