{"id":57340,"date":"2023-07-08T16:41:06","date_gmt":"2023-07-08T21:41:06","guid":{"rendered":"http:\/\/www.zonaroja.com.mx\/?p=57340"},"modified":"2023-07-08T16:42:52","modified_gmt":"2023-07-08T21:42:52","slug":"otro-paro-de-la-policia-en-zaachila-ante-cerrazon-de-edil-hay-despidos-injustificados","status":"publish","type":"post","link":"https:\/\/zonaroja.com.mx\/?p=57340","title":{"rendered":"Otro paro de la polic\u00eda en Zaachila ante cerraz\u00f3n de edil; hay despidos injustificados"},"content":{"rendered":"\n<p>Yuridiana Sosa\/Zona Roja.<\/p>\n\n\n\n<p>Oaxaca de Ju\u00e1rez, Oax, 8 de julio de 2023.- En menos de un mes, elementos de la Polic\u00eda Municipal de Villa de Zaachila pararon labores por segunda ocasi\u00f3n, ante la omisi\u00f3n del edil, Rigoberto Chac\u00f3n, para atender las necesidades de la corporaci\u00f3n. <\/p>\n\n\n\n<p>Los uniformados acusaron que en represalia a las primeras denuncias, se han registrado despidos injustificados, al tiempo que las condiciones para laborar son cada vez m\u00e1s deplorables, desde uniformes, salarios, hasta instalaciones.<\/p>\n\n\n\n<p>El anterior paro de labores lo llevaron a cabo el pasado 16 de junio y desde ese entonces no ha habido avances en la respuesta a su pliego de demandas, por el contrario, han empeorado las condiciones laborales.<\/p>\n\n\n\n<p>Por lo ocurrido, los elementos demandaron la intervenci\u00f3n inmediata del gobernador Salom\u00f3n Jara Cruz, pues el presidente hace o\u00eddos sordos a las necesidades en materia de seguridad p\u00fablica.&nbsp;<\/p>\n\n\n\n<p>Entre las violaciones a sus derechos, denunciaron, se encuentra la explotaci\u00f3n laboral, pues no existe la remuneraci\u00f3n justa a su labor; las instalaciones son deplorables, como es la de los ba\u00f1os que tienen m\u00e1s de un mes sin funcionar el sistema de drenaje.&nbsp;<\/p>\n\n\n\n<p>A ellos se suma la de los uniformes, los cuales no han entregado y deben laborar con chalecos antibalas en estado cr\u00edtico, deficientes herramientas de trabajo, as\u00ed como con patrulla en p\u00e9simo estado f\u00edsico mec\u00e1nico.<\/p>\n\n\n\n<p>Los polic\u00edas se agruparon en el corredor del Palacio Municipal y frente a este edificio estacionaron las patrullas.<\/p>\n\n\n\n<p>El paro de labores de los polic\u00edas se da en el marco de las fiestas de la Guelaguetza, en donde Zaachila tambi\u00e9n realiza diversas actividades locales. <\/p>\n","protected":false},"excerpt":{"rendered":"<p>Yuridiana Sosa\/Zona Roja. Oaxaca de Ju\u00e1rez, Oax, 8 de julio de 2023.- En menos de&hellip;<\/p>\n","protected":false},"author":2,"featured_media":57339,"comment_status":"closed","ping_status":"open","sticky":false,"template":"","format":"standard","meta":{"_lmt_disableupdate":"","_lmt_disable":"","_jetpack_memberships_contains_paid_content":false,"footnotes":""},"categories":[109,47],"tags":[],"class_list":["post-57340","post","type-post","status-publish","format-standard","has-post-thumbnail","hentry","category-minuto-a-minuto","category-zona-gris"],"jetpack_featured_media_url":"https:\/\/zonaroja.com.mx\/wp-content\/uploads\/2023\/07\/d174d0dc-a9ca-4de8-adf6-09a01622151a.jpg","jetpack_sharing_enabled":true,"_links":{"self":[{"href":"https:\/\/zonaroja.com.mx\/index.php?rest_route=\/wp\/v2\/posts\/57340","targetHints":{"allow":["GET"]}}],"collection":[{"href":"https:\/\/zonaroja.com.mx\/index.php?rest_route=\/wp\/v2\/posts"}],"about":[{"href":"https:\/\/zonaroja.com.mx\/index.php?rest_route=\/wp\/v2\/types\/post"}],"author":[{"embeddable":true,"href":"https:\/\/zonaroja.com.mx\/index.php?rest_route=\/wp\/v2\/users\/2"}],"replies":[{"embeddable":true,"href":"https:\/\/zonaroja.com.mx\/index.php?rest_route=%2Fwp%2Fv2%2Fcomments&post=57340"}],"version-history":[{"count":1,"href":"https:\/\/zonaroja.com.mx\/index.php?rest_route=\/wp\/v2\/posts\/57340\/revisions"}],"predecessor-version":[{"id":57341,"href":"https:\/\/zonaroja.com.mx\/index.php?rest_route=\/wp\/v2\/posts\/57340\/revisions\/57341"}],"wp:featuredmedia":[{"embeddable":true,"href":"https:\/\/zonaroja.com.mx\/index.php?rest_route=\/wp\/v2\/media\/57339"}],"wp:attachment":[{"href":"https:\/\/zonaroja.com.mx\/index.php?rest_route=%2Fwp%2Fv2%2Fmedia&parent=57340"}],"wp:term":[{"taxonomy":"category","embeddable":true,"href":"https:\/\/zonaroja.com.mx\/index.php?rest_route=%2Fwp%2Fv2%2Fcategories&post=57340"},{"taxonomy":"post_tag","embeddable":true,"href":"https:\/\/zonaroja.com.mx\/index.php?rest_route=%2Fwp%2Fv2%2Ftags&post=57340"}],"curies":[{"name":"wp","href":"https:\/\/api.w.org\/{rel}","templated":true}]}}