{"id":57343,"date":"2023-07-08T17:44:41","date_gmt":"2023-07-08T22:44:41","guid":{"rendered":"http:\/\/www.zonaroja.com.mx\/?p=57343"},"modified":"2023-07-08T17:44:42","modified_gmt":"2023-07-08T22:44:42","slug":"se-declara-en-alerta-maxima-la-seccion-22-del-snte-para-movilizarse-en-la-guelaguetza","status":"publish","type":"post","link":"https:\/\/zonaroja.com.mx\/?p=57343","title":{"rendered":"Se declara en alerta m\u00e1xima la Secci\u00f3n 22 del SNTE para movilizarse en la Guelaguetza"},"content":{"rendered":"\n<p>Yuridiana Sosa\/Zona Roja.<\/p>\n\n\n\n<p>Oaxaca de Ju\u00e1rez, Oax., a 8 de julio de 2023.- A casi una semana de que se celebre el primer \u201cLunes del Cerro\u201d de la Guelaguetza, la Secci\u00f3n 22 del SNTE amag\u00f3 con realizar movilizaciones durante la festividad en caso de no tener respuestas positivas a las demandas pendientes en su pliego de peticiones. <\/p>\n\n\n\n<p>En conferencia de prensa de hoy, el Comit\u00e9 Ejecutivo Seccional, encabezado por la secretaria general, Yenny Aracely P\u00e9rez Mart\u00ednez, se declar\u00f3 en alerta m\u00e1xima y llam\u00f3 a la base magisterial a mantenerse pendientes de las pr\u00f3ximas acciones.<\/p>\n\n\n\n<p>\u201cFaltan demandas por concretar, por ello nos declaramos en alerta m\u00e1xima e n el marco de la Guelaguetza, pues de no cumplirse con los cerdos fijados en las demandas administrativas, de seguridad social, nos reservamos el derecho de accionar\u201d, sentenci\u00f3 P\u00e9rez&nbsp;<\/p>\n\n\n\n<p>Detall\u00f3 que entre esas demandas se encuentran estatales y federales, con el tema de justicia, procesos administrativos, pagos de incidencias, entrega de uniforme y \u00fatiles escolares de manera puntual, as\u00ed como la salida inmediata de funcionarios estatales del IEEPO no abonan al proceso administrativo.<\/p>\n\n\n\n<p>CONTRA PROGRAMA DE JARA<\/p>\n\n\n\n<p>La Secci\u00f3n 22 del Sindicato Nacional de Trabajadores de la Educaci\u00f3n (SNTE) tambi\u00e9n manifest\u00f3 rechazo, y molestia, por el programa \u201cTopiles por la paz\u201d que lanz\u00f3 el gobierno de Salom\u00f3n Jara Cruz en el marco de la Guelaguetza.<\/p>\n\n\n\n<p>Con el fin de \u201csalvaguardar la m\u00e1xima fiesta del pueblo de Oaxaca\u201d, el gobierno estatal llam\u00f3 a los ciudadanos a sumarse como elementos de seguridad que ayudar\u00e1n a que permanezca el orden en las festividades de la Guelaguetza entre el 17 al 24 de junio.<\/p>\n\n\n\n<p>La secretaria general se\u00f1al\u00f3 que los topiles son grupos importantes en las comunidades para mantener la seguridad y su figura debe ser respetada y no implementar esta forma de vigilancia en beneficio de proyectos mercantiles.<\/p>\n\n\n\n<p>La lideresa recalc\u00f3 que la Secci\u00f3n 22 mantiene su independencia y no es amigo del ex gobierno ni del actual.<\/p>\n\n\n\n<p>AN\u00c1LISIS DE ACCIONES<\/p>\n\n\n\n<p>La gremial apunt\u00f3 que este fin de semana, en Asamblea Estatal, se dar\u00e1n a conocer los resultados de las consultas que se realizaron en todos los sectores del estado para definir el pr\u00f3ximo plan de acciones, entre las que se consider\u00f3 el paro laboral.<\/p>\n\n\n\n<p>Por lo que la Comisi\u00f3n Pol\u00edtica ratifica el principio t\u00e1ctico de lucha movilizaci\u00f3n-negociaci\u00f3n-movilizaci\u00f3n frente a las respuestas de los gobiernos estatal y federal.<\/p>\n\n\n\n<figure class=\"wp-block-embed\"><div class=\"wp-block-embed__wrapper\">\n<div class=\"twitter-tweet\"><blockquote class=\"twitter-tweet\" data-lang=\"es\"><p lang=\"es\" dir=\"ltr\"><a href=\"https:\/\/twitter.com\/hashtag\/%C3%9AltimoMinuto?src=hash&amp;ref_src=twsrc%5Etfw\">#\u00daltimoMinuto<\/a><br>A una semana de la <a href=\"https:\/\/twitter.com\/hashtag\/Guelaguetza2023?src=hash&amp;ref_src=twsrc%5Etfw\">#Guelaguetza2023<\/a>, la Secci\u00f3n 22 del SNTE considera que a\u00fan hay pendientes por cumplir por parte de los gobiernos estatal y federal. <br>Por lo cual, esta tarde se declara en alerta m\u00e1xima y se reserva su derecho de accionar durante la fiesta m\u00e1xima\u2026 <a href=\"https:\/\/t.co\/K9YAUPBjTU\">pic.twitter.com\/K9YAUPBjTU<\/a><\/p>&mdash; Zona Roja Oaxaca (@ZonaRoja_Oaxaca) <a href=\"https:\/\/twitter.com\/ZonaRoja_Oaxaca\/status\/1677787174337380355?ref_src=twsrc%5Etfw\">8 de julio de 2023<\/a><\/blockquote><\/div>\n<\/div><\/figure>\n","protected":false},"excerpt":{"rendered":"<p>Yuridiana Sosa\/Zona Roja. Oaxaca de Ju\u00e1rez, Oax., a 8 de julio de 2023.- A casi&hellip;<\/p>\n","protected":false},"author":2,"featured_media":57342,"comment_status":"closed","ping_status":"open","sticky":false,"template":"","format":"standard","meta":{"_lmt_disableupdate":"","_lmt_disable":"","_jetpack_memberships_contains_paid_content":false,"footnotes":""},"categories":[1,47],"tags":[],"class_list":["post-57343","post","type-post","status-publish","format-standard","has-post-thumbnail","hentry","category-sin-categoria","category-zona-gris"],"jetpack_featured_media_url":"https:\/\/zonaroja.com.mx\/wp-content\/uploads\/2023\/07\/8ab8b175-8537-4e9e-875a-246b72468b6b.jpg","jetpack_sharing_enabled":true,"_links":{"self":[{"href":"https:\/\/zonaroja.com.mx\/index.php?rest_route=\/wp\/v2\/posts\/57343","targetHints":{"allow":["GET"]}}],"collection":[{"href":"https:\/\/zonaroja.com.mx\/index.php?rest_route=\/wp\/v2\/posts"}],"about":[{"href":"https:\/\/zonaroja.com.mx\/index.php?rest_route=\/wp\/v2\/types\/post"}],"author":[{"embeddable":true,"href":"https:\/\/zonaroja.com.mx\/index.php?rest_route=\/wp\/v2\/users\/2"}],"replies":[{"embeddable":true,"href":"https:\/\/zonaroja.com.mx\/index.php?rest_route=%2Fwp%2Fv2%2Fcomments&post=57343"}],"version-history":[{"count":1,"href":"https:\/\/zonaroja.com.mx\/index.php?rest_route=\/wp\/v2\/posts\/57343\/revisions"}],"predecessor-version":[{"id":57344,"href":"https:\/\/zonaroja.com.mx\/index.php?rest_route=\/wp\/v2\/posts\/57343\/revisions\/57344"}],"wp:featuredmedia":[{"embeddable":true,"href":"https:\/\/zonaroja.com.mx\/index.php?rest_route=\/wp\/v2\/media\/57342"}],"wp:attachment":[{"href":"https:\/\/zonaroja.com.mx\/index.php?rest_route=%2Fwp%2Fv2%2Fmedia&parent=57343"}],"wp:term":[{"taxonomy":"category","embeddable":true,"href":"https:\/\/zonaroja.com.mx\/index.php?rest_route=%2Fwp%2Fv2%2Fcategories&post=57343"},{"taxonomy":"post_tag","embeddable":true,"href":"https:\/\/zonaroja.com.mx\/index.php?rest_route=%2Fwp%2Fv2%2Ftags&post=57343"}],"curies":[{"name":"wp","href":"https:\/\/api.w.org\/{rel}","templated":true}]}}