{"id":57350,"date":"2023-07-09T07:55:48","date_gmt":"2023-07-09T12:55:48","guid":{"rendered":"http:\/\/www.zonaroja.com.mx\/?p=57350"},"modified":"2023-07-09T07:55:50","modified_gmt":"2023-07-09T12:55:50","slug":"confirma-la-seccion-22-va-a-paro-indefinido-a-partir-de-septiembre","status":"publish","type":"post","link":"https:\/\/zonaroja.com.mx\/?p=57350","title":{"rendered":"Confirma la Secci\u00f3n 22: va a paro indefinido, a partir de septiembre"},"content":{"rendered":"\n<p>Ismael Garc\u00eda M.\/Zona Roja.<\/p>\n\n\n\n<p>Oaxaca de Ju\u00e1rez, Oax., a 9 de agosto de 2023.- La Asamblea Estatal de la Secci\u00f3n 22 del Sindicato Nacional de Trabajadores de la Educaci\u00f3n (SNTE) defini\u00f3 hoy el inicio del paro de labores indefinido en Oaxaca<\/p>\n\n\n\n<p>Ser\u00e1 a partir del 1 de septiembre, fecha en que reanuda el periodo ordinario de sesiones del Poder Legislativo federal, y al que buscan presionar derogar reformas educativas del a\u00f1o 2015, que en discurso el gobierno federal ya ha aceptado que se eliminen.<\/p>\n\n\n\n<p>Adem\u00e1s, el magisterio amaga con boicotear las festividades de la Guelaguetza 2023, cuyo primer Lunes del Cerro es el pr\u00f3ximo 17 de julio. Todo ello pese a que recientemente el gobierno estatal y el federal confirmaron la liberaci\u00f3n de m\u00e1s de mil 600 plazas de docente para normalistas y la liberaci\u00f3n de las cuentas del ex dirigente Rub\u00e9n N\u00fa\u00f1ez Ginez.<\/p>\n\n\n\n<p>La Asamblea Estatal de la Secci\u00f3n 22 inici\u00f3 ayer por la tarde \u2014tras una conferencia de prensa\u2014 y culmin\u00f3 a las 02:03 horas de este domingo.<\/p>\n\n\n\n<p>Seg\u00fan los resultados preliminares de la consulta a las bases, cuatro mil 243 docentes consideraron como nulas las respuestas de las autoridades al pliego petitorio; 23 mil 253 la consideraron m\u00ednimas e insuficientes y mil 149 dijeron que son suficientes.<\/p>\n\n\n\n<p>Con respecto al estallamiento al paro de labores educativo de manera indefinida, 18 mil 804 se pronunciaron por el s\u00ed y ocho mil 931 por el no.<\/p>\n\n\n\n<p>En cuanto a la fecha del paro, 900 docentes se pronunciaron que sea a partir del 3 de julio \u2014fecha que ya pas\u00f3\u2014, seis mil 112 porque sea al iniciar el ciclo escolar y 14 mil 58 porque sea en el inicio del periodo de sesiones del Legislativo federal.<\/p>\n\n\n\n<p>Adem\u00e1s, con nueve mil 816 votos, se determin\u00f3 que la modalidad del paro de labores ser\u00e1 estatal y nacional.<\/p>\n","protected":false},"excerpt":{"rendered":"<p>Ismael Garc\u00eda M.\/Zona Roja. Oaxaca de Ju\u00e1rez, Oax., a 9 de agosto de 2023.- La&hellip;<\/p>\n","protected":false},"author":2,"featured_media":57351,"comment_status":"closed","ping_status":"open","sticky":false,"template":"","format":"standard","meta":{"_lmt_disableupdate":"","_lmt_disable":"","_jetpack_memberships_contains_paid_content":false,"footnotes":""},"categories":[109,47],"tags":[312],"class_list":["post-57350","post","type-post","status-publish","format-standard","has-post-thumbnail","hentry","category-minuto-a-minuto","category-zona-gris","tag-seccion-22-del-snte"],"jetpack_featured_media_url":"https:\/\/zonaroja.com.mx\/wp-content\/uploads\/2023\/07\/Asamblea-Estatal-Seccion-22-SNTE.jpg","jetpack_sharing_enabled":true,"_links":{"self":[{"href":"https:\/\/zonaroja.com.mx\/index.php?rest_route=\/wp\/v2\/posts\/57350","targetHints":{"allow":["GET"]}}],"collection":[{"href":"https:\/\/zonaroja.com.mx\/index.php?rest_route=\/wp\/v2\/posts"}],"about":[{"href":"https:\/\/zonaroja.com.mx\/index.php?rest_route=\/wp\/v2\/types\/post"}],"author":[{"embeddable":true,"href":"https:\/\/zonaroja.com.mx\/index.php?rest_route=\/wp\/v2\/users\/2"}],"replies":[{"embeddable":true,"href":"https:\/\/zonaroja.com.mx\/index.php?rest_route=%2Fwp%2Fv2%2Fcomments&post=57350"}],"version-history":[{"count":1,"href":"https:\/\/zonaroja.com.mx\/index.php?rest_route=\/wp\/v2\/posts\/57350\/revisions"}],"predecessor-version":[{"id":57352,"href":"https:\/\/zonaroja.com.mx\/index.php?rest_route=\/wp\/v2\/posts\/57350\/revisions\/57352"}],"wp:featuredmedia":[{"embeddable":true,"href":"https:\/\/zonaroja.com.mx\/index.php?rest_route=\/wp\/v2\/media\/57351"}],"wp:attachment":[{"href":"https:\/\/zonaroja.com.mx\/index.php?rest_route=%2Fwp%2Fv2%2Fmedia&parent=57350"}],"wp:term":[{"taxonomy":"category","embeddable":true,"href":"https:\/\/zonaroja.com.mx\/index.php?rest_route=%2Fwp%2Fv2%2Fcategories&post=57350"},{"taxonomy":"post_tag","embeddable":true,"href":"https:\/\/zonaroja.com.mx\/index.php?rest_route=%2Fwp%2Fv2%2Ftags&post=57350"}],"curies":[{"name":"wp","href":"https:\/\/api.w.org\/{rel}","templated":true}]}}