{"id":57353,"date":"2023-07-09T09:00:00","date_gmt":"2023-07-09T14:00:00","guid":{"rendered":"http:\/\/www.zonaroja.com.mx\/?p=57353"},"modified":"2023-07-09T08:10:44","modified_gmt":"2023-07-09T13:10:44","slug":"tres-periodistas-desaparecidos-en-nayarit-uno-muerto-uno-con-vida-y-uno-sin-hallar","status":"publish","type":"post","link":"https:\/\/zonaroja.com.mx\/?p=57353","title":{"rendered":"Tres periodistas desaparecidos en Nayarit; uno muerto, uno con vida y uno sin hallar"},"content":{"rendered":"\n<p>Redacci\u00f3n\/Zona Roja Cdmx.<\/p>\n\n\n\n<p>Ciudad de M\u00e9xico, a 9 de mayo de 2023.- El cuerpo del periodista&nbsp;Luis Mart\u00edn S\u00e1nchez I\u00f1iguez, corresponsal del diario \u201cLa Jornada\u201d en Tepic, fue encontrado sin vida la ma\u00f1ana de este s\u00e1bado en el poblado de&nbsp;Huachines, en el estado de Nayarit.<\/p>\n\n\n\n<p>De acuerdo con Francisco Guill\u00e9n, corresponsal del Radio F\u00f3rmula en Nayarit,&nbsp;el cuerpo del comunicador de 59 a\u00f1os fue encontrado&nbsp;maniatado, cubierto con bolsas y con un mensaje clavado al pecho que dec\u00eda \u00abp\u00fablica lo que quieras, pero con la familia no te metas\u00bb.<\/p>\n\n\n\n<p>S\u00e1nchez \u00cd\u00f1iguez hab\u00eda sido reportado como desaparecido desde la noche del mi\u00e9rcoles 5 de julio cuando fue sustra\u00eddo de su domicilio por personas desconocidas que se llevaron su&nbsp;computadora, su celular, y un disco duro, seg\u00fan denunci\u00f3 su esposa Cecilia L\u00f3pez ante la Fiscal\u00eda General del Estado.&nbsp;<\/p>\n\n\n\n<p>Ese d\u00eda, Lu\u00eds Mart\u00edn viajo junto a su familia al municipio&nbsp;de Acaponeta para visitar a unos familiares, pero volvi\u00f3 esa noche porque ten\u00eda cosas que hacer al d\u00eda siguiente. Aunque logr\u00f3 avisar a su esposa que ya se encontraba en casa y que se hab\u00eda ido la luz, despu\u00e9s no se supo nada m\u00e1s de \u00e9l.<\/p>\n\n\n\n<p>La Fiscal\u00eda confirm\u00f3 el hallazgo del cuerpo del periodista y asegur\u00f3 que este ya fue plenamente identificado&nbsp;por sus familiares. Asimismo, indic\u00f3 que de acuerdo con la necropsia de ley, el tiempo aproximado de muerte es de 24 a 48 horas a partir de su localizaci\u00f3n. Tras el hallazgo se inici\u00f3 la carpeta de investigaci\u00f3n correspondiente.<\/p>\n\n\n\n<p>BUSCAN A OTRO<\/p>\n\n\n\n<p>La dependencia inform\u00f3 que tambi\u00e9n se encuentra desaparecido el comunicador Osiris Maldonado de la Paz, de 43 a\u00f1os de edad, quien fue visto por \u00faltima vez, el pasado 3 de julio, en la ciudad de Tepic.<\/p>\n\n\n\n<p>De acuerdo con la Fiscal\u00eda, Maldonado sali\u00f3 de su domicilio cerca de las 6:40 horas del d\u00eda 3 de julio, para dirigirse a laborar a un plantel educativo en esta ciudad, pero ya no regres\u00f3.&nbsp;<\/p>\n\n\n\n<p>A ellos se habr\u00eda sumado la desaparici\u00f3n del periodista&nbsp;Jonathan Lora Ram\u00edrez, de 38 a\u00f1os, quien habr\u00eda sido sustra\u00eddo de su casa por sujetos armados.&nbsp;Sin embargo, este s\u00e1bado se&nbsp;dio a conocer que el comunicador&nbsp;se encuentra bien y que todo se trato de &#8216;una confusi\u00f3n&#8217;.<\/p>\n\n\n\n<p>Por estos hechos, la Fiscal\u00eda de Nayarit inicio diversas carpetas de investigaci\u00f3n.&nbsp;<\/p>\n\n\n\n<p>(Informaci\u00f3n de Radio F\u00f3rmula)<\/p>\n","protected":false},"excerpt":{"rendered":"<p>Redacci\u00f3n\/Zona Roja Cdmx. Ciudad de M\u00e9xico, a 9 de mayo de 2023.- El cuerpo del&hellip;<\/p>\n","protected":false},"author":2,"featured_media":57354,"comment_status":"closed","ping_status":"open","sticky":false,"template":"","format":"standard","meta":{"_lmt_disableupdate":"","_lmt_disable":"","_jetpack_memberships_contains_paid_content":false,"footnotes":""},"categories":[109,51],"tags":[1016],"class_list":["post-57353","post","type-post","status-publish","format-standard","has-post-thumbnail","hentry","category-minuto-a-minuto","category-zona-roja","tag-asesinato-de-periodistas-en-mexico"],"jetpack_featured_media_url":"https:\/\/zonaroja.com.mx\/wp-content\/uploads\/2023\/07\/Periodista-Luis-Martin-Sanchez-Iniguez-Nayarit.jpg","jetpack_sharing_enabled":true,"_links":{"self":[{"href":"https:\/\/zonaroja.com.mx\/index.php?rest_route=\/wp\/v2\/posts\/57353","targetHints":{"allow":["GET"]}}],"collection":[{"href":"https:\/\/zonaroja.com.mx\/index.php?rest_route=\/wp\/v2\/posts"}],"about":[{"href":"https:\/\/zonaroja.com.mx\/index.php?rest_route=\/wp\/v2\/types\/post"}],"author":[{"embeddable":true,"href":"https:\/\/zonaroja.com.mx\/index.php?rest_route=\/wp\/v2\/users\/2"}],"replies":[{"embeddable":true,"href":"https:\/\/zonaroja.com.mx\/index.php?rest_route=%2Fwp%2Fv2%2Fcomments&post=57353"}],"version-history":[{"count":1,"href":"https:\/\/zonaroja.com.mx\/index.php?rest_route=\/wp\/v2\/posts\/57353\/revisions"}],"predecessor-version":[{"id":57355,"href":"https:\/\/zonaroja.com.mx\/index.php?rest_route=\/wp\/v2\/posts\/57353\/revisions\/57355"}],"wp:featuredmedia":[{"embeddable":true,"href":"https:\/\/zonaroja.com.mx\/index.php?rest_route=\/wp\/v2\/media\/57354"}],"wp:attachment":[{"href":"https:\/\/zonaroja.com.mx\/index.php?rest_route=%2Fwp%2Fv2%2Fmedia&parent=57353"}],"wp:term":[{"taxonomy":"category","embeddable":true,"href":"https:\/\/zonaroja.com.mx\/index.php?rest_route=%2Fwp%2Fv2%2Fcategories&post=57353"},{"taxonomy":"post_tag","embeddable":true,"href":"https:\/\/zonaroja.com.mx\/index.php?rest_route=%2Fwp%2Fv2%2Ftags&post=57353"}],"curies":[{"name":"wp","href":"https:\/\/api.w.org\/{rel}","templated":true}]}}