{"id":57359,"date":"2023-07-09T12:16:00","date_gmt":"2023-07-09T17:16:00","guid":{"rendered":"http:\/\/www.zonaroja.com.mx\/?p=57359"},"modified":"2023-07-09T08:20:14","modified_gmt":"2023-07-09T13:20:14","slug":"sentencian-a-sujeto-que-mato-a-un-individuo-en-pochutla-oaxaca","status":"publish","type":"post","link":"https:\/\/zonaroja.com.mx\/?p=57359","title":{"rendered":"Sentencian a sujeto que mat\u00f3 a un individuo en Pochutla, Oaxaca"},"content":{"rendered":"\n<p>Redacci\u00f3n\/Zona Roja.&nbsp;<\/p>\n\n\n\n<p>Oaxaca de Ju\u00e1rez, Oax., a 9 de julio de 2023.- &nbsp;La Fiscal\u00eda General del Estado de Oaxaca (FGEO) obtuvo fallo condenatorio en contra de U. M. M., responsable del delito de Homicidio, cometido en el municipio de San Pedro Pochutla, en la regi\u00f3n de la Costa.<\/p>\n\n\n\n<p>&nbsp;De acuerdo con el expediente penal del caso, los hechos ocurrieron durante la madrugada del 11 de mayo de 2022, cuando el sentenciado se involucr\u00f3 en una ri\u00f1a en la que utiliz\u00f3 un cuchillo para lesionar a E. H. G., quien a consecuencia de la agresi\u00f3n perdi\u00f3 la vida en calles del barrio Cuaydiguele de Pochutla.<\/p>\n\n\n\n<p>Al tener conocimiento de los hechos, la Fiscal\u00eda inici\u00f3 las investigaciones a trav\u00e9s de la Vicefiscal\u00eda Regional de la Costa, que despleg\u00f3 a un equipo multidisciplinario para realizar las primeras labores.<\/p>\n\n\n\n<p>Derivado de las investigaciones en torno a este homicidio, se logr\u00f3 ejecutar una orden de aprehensi\u00f3n en contra de U. M. M., quedando a disposici\u00f3n del Juez.&nbsp; Tras las pruebas aportadas por la FGEO, se obtuvo un fallo condenatorio en contra del imputado por el delito de Homicidio en Ri\u00f1a, por lo que fij\u00f3 el 12 de julio del 2023 para la lectura de la sentencia.<\/p>\n\n\n\n<p>DETIENEN A \u201cEL TOMY\u201d<\/p>\n\n\n\n<p>Por otra parte, la Fiscal\u00eda General ejecut\u00f3 una orden de aprehensi\u00f3n contra una persona identificada como T. M. S. S., alias \u00abEl Tomy\u00bb, por el delito de Homicidio Calificado en hechos ocurridos en la regi\u00f3n Mixteca.<\/p>\n\n\n\n<p>De acuerdo con el expediente penal, el 16 de septiembre de 2020, en la poblaci\u00f3n de Santa Cruz de Bravo, perteneciente al municipio de San Pedro Silacayo\u00e1pam, la v\u00edctima J. O. C. M., fue atacada a balazos, sufriendo lesiones que le provocaron la muerte.<\/p>\n\n\n\n<p>Al tomar conocimiento del caso, la FGEO inici\u00f3 una investigaci\u00f3n a trav\u00e9s de la Vicefiscal\u00eda Regional de la Mixteca, la cual obtuvo una orden de aprehensi\u00f3n que se ejecut\u00f3 en contra de T. M. S. S., alias \u00abEl Tomy\u00bb.<\/p>\n\n\n\n<p>El imputado fue puesto a disposici\u00f3n del Juez de Control que atiende la causa, quien calific\u00f3 como legal la detenci\u00f3n e impuso prisi\u00f3n preventiva.<\/p>\n\n\n\n<p>La Fiscal\u00eda General del Estado de Oaxaca refleja en los resultados el trabajo de procuraci\u00f3n de justicia a favor de las v\u00edctimas.<\/p>\n","protected":false},"excerpt":{"rendered":"<p>Redacci\u00f3n\/Zona Roja.&nbsp; Oaxaca de Ju\u00e1rez, Oax., a 9 de julio de 2023.- &nbsp;La Fiscal\u00eda General&hellip;<\/p>\n","protected":false},"author":2,"featured_media":40450,"comment_status":"closed","ping_status":"open","sticky":false,"template":"","format":"standard","meta":{"_lmt_disableupdate":"","_lmt_disable":"","_jetpack_memberships_contains_paid_content":false,"footnotes":""},"categories":[109,46],"tags":[494],"class_list":["post-57359","post","type-post","status-publish","format-standard","has-post-thumbnail","hentry","category-minuto-a-minuto","category-zona-blanca","tag-fiscalia-general-del-estado-de-oaxaca"],"jetpack_featured_media_url":"https:\/\/zonaroja.com.mx\/wp-content\/uploads\/2022\/04\/juez-juzgado-sentencia.jpg","jetpack_sharing_enabled":true,"_links":{"self":[{"href":"https:\/\/zonaroja.com.mx\/index.php?rest_route=\/wp\/v2\/posts\/57359","targetHints":{"allow":["GET"]}}],"collection":[{"href":"https:\/\/zonaroja.com.mx\/index.php?rest_route=\/wp\/v2\/posts"}],"about":[{"href":"https:\/\/zonaroja.com.mx\/index.php?rest_route=\/wp\/v2\/types\/post"}],"author":[{"embeddable":true,"href":"https:\/\/zonaroja.com.mx\/index.php?rest_route=\/wp\/v2\/users\/2"}],"replies":[{"embeddable":true,"href":"https:\/\/zonaroja.com.mx\/index.php?rest_route=%2Fwp%2Fv2%2Fcomments&post=57359"}],"version-history":[{"count":1,"href":"https:\/\/zonaroja.com.mx\/index.php?rest_route=\/wp\/v2\/posts\/57359\/revisions"}],"predecessor-version":[{"id":57360,"href":"https:\/\/zonaroja.com.mx\/index.php?rest_route=\/wp\/v2\/posts\/57359\/revisions\/57360"}],"wp:featuredmedia":[{"embeddable":true,"href":"https:\/\/zonaroja.com.mx\/index.php?rest_route=\/wp\/v2\/media\/40450"}],"wp:attachment":[{"href":"https:\/\/zonaroja.com.mx\/index.php?rest_route=%2Fwp%2Fv2%2Fmedia&parent=57359"}],"wp:term":[{"taxonomy":"category","embeddable":true,"href":"https:\/\/zonaroja.com.mx\/index.php?rest_route=%2Fwp%2Fv2%2Fcategories&post=57359"},{"taxonomy":"post_tag","embeddable":true,"href":"https:\/\/zonaroja.com.mx\/index.php?rest_route=%2Fwp%2Fv2%2Ftags&post=57359"}],"curies":[{"name":"wp","href":"https:\/\/api.w.org\/{rel}","templated":true}]}}