{"id":57361,"date":"2023-07-10T12:20:00","date_gmt":"2023-07-10T17:20:00","guid":{"rendered":"http:\/\/www.zonaroja.com.mx\/?p=57361"},"modified":"2023-07-10T08:36:21","modified_gmt":"2023-07-10T13:36:21","slug":"duplica-la-violencia-homicida-en-salina-cruz-durante-2023-sesnsp","status":"publish","type":"post","link":"https:\/\/zonaroja.com.mx\/?p=57361","title":{"rendered":"Duplica la violencia homicida en Salina Cruz durante 2023: SESNSP"},"content":{"rendered":"\n<p>Yuridiana Sosa\/Zona Roja.<\/p>\n\n\n\n<p>Oaxaca de Ju\u00e1rez, Oax., a 10 de julio de 2023.- La violencia en el municipio de Salina Cruz presenta este 2023 un aumento de por lo menos del 50 por ciento en homicidios dolosos en comparaci\u00f3n a los registrados en el 2022, as\u00ed como del 100 por ciento en feminicidios.<\/p>\n\n\n\n<p>Datos del Secretariado Ejecutivo del Sistema Nacional de Seguridad P\u00fablica (SESNSP) del 2022 y 2023 muestran el aumento de la ola de violencia en dicho municipio que gobierna el morenista Daniel M\u00e9ndez Sosa.<\/p>\n\n\n\n<p>De acuerdo al reporte oficial de las autoridades de seguridad a nivel nacional, entre enero y mayo se han registrado 10 homicidios dolosos, en su mayor\u00eda ejecutados con uso de arma de fuego; a ellos se le suman, por lo menos, uno del mes de junio y el m\u00e1s reciente de este 7 de julio, con un total de 12.<\/p>\n\n\n\n<p>El hecho m\u00e1s reciente se report\u00f3 este viernes cuando el cuerpo de un masculino, identificado como Juan E. S. L. A., fue localizado camino a la localidad La Ventosa, quien recibi\u00f3 al menos 14 impactos de arma de fuego.&nbsp;<\/p>\n\n\n\n<p>Mientras que el anterior suceso, aun no registrado en el reporte mensual de los SESNSP, ocurri\u00f3 el 18 de junio contra un taxista, que fue secuestrado, torturado, asesinado y luego encerrado en la cajuela de su unidad de motor, en una calle 4 de la colonia Adolfo L\u00f3pez Mateos.<\/p>\n\n\n\n<p>Respecto a los ocurridos en 2022, el SESNSP registr\u00f3 que entre los meses de enero y mayo se hab\u00edan cometido cuatro homicidios dolosos; en junio, la cifra subi\u00f3 a siete y al cierre de julio, la cifra subi\u00f3 a ocho, lo que, el n\u00famero total de este a\u00f1o representa un aumento del 50 por ciento de los hechos.<\/p>\n\n\n\n<p>As\u00ed tambi\u00e9n, los feminicidios fueron al alza y pasaron de cero hechos entre enero y mayo de 2022 a dos hechos reportados en el mismo periodo en 2023, ambos ocurridos en marzo.<\/p>\n","protected":false},"excerpt":{"rendered":"<p>Yuridiana Sosa\/Zona Roja. Oaxaca de Ju\u00e1rez, Oax., a 10 de julio de 2023.- La violencia&hellip;<\/p>\n","protected":false},"author":2,"featured_media":57362,"comment_status":"closed","ping_status":"open","sticky":false,"template":"","format":"standard","meta":{"_lmt_disableupdate":"","_lmt_disable":"","_jetpack_memberships_contains_paid_content":false,"footnotes":""},"categories":[109,47],"tags":[168],"class_list":["post-57361","post","type-post","status-publish","format-standard","has-post-thumbnail","hentry","category-minuto-a-minuto","category-zona-gris","tag-salina-cruz"],"jetpack_featured_media_url":"https:\/\/zonaroja.com.mx\/wp-content\/uploads\/2023\/07\/Daniel-Mendez-Sosa-Salina-Cruz.jpeg","jetpack_sharing_enabled":true,"_links":{"self":[{"href":"https:\/\/zonaroja.com.mx\/index.php?rest_route=\/wp\/v2\/posts\/57361","targetHints":{"allow":["GET"]}}],"collection":[{"href":"https:\/\/zonaroja.com.mx\/index.php?rest_route=\/wp\/v2\/posts"}],"about":[{"href":"https:\/\/zonaroja.com.mx\/index.php?rest_route=\/wp\/v2\/types\/post"}],"author":[{"embeddable":true,"href":"https:\/\/zonaroja.com.mx\/index.php?rest_route=\/wp\/v2\/users\/2"}],"replies":[{"embeddable":true,"href":"https:\/\/zonaroja.com.mx\/index.php?rest_route=%2Fwp%2Fv2%2Fcomments&post=57361"}],"version-history":[{"count":1,"href":"https:\/\/zonaroja.com.mx\/index.php?rest_route=\/wp\/v2\/posts\/57361\/revisions"}],"predecessor-version":[{"id":57363,"href":"https:\/\/zonaroja.com.mx\/index.php?rest_route=\/wp\/v2\/posts\/57361\/revisions\/57363"}],"wp:featuredmedia":[{"embeddable":true,"href":"https:\/\/zonaroja.com.mx\/index.php?rest_route=\/wp\/v2\/media\/57362"}],"wp:attachment":[{"href":"https:\/\/zonaroja.com.mx\/index.php?rest_route=%2Fwp%2Fv2%2Fmedia&parent=57361"}],"wp:term":[{"taxonomy":"category","embeddable":true,"href":"https:\/\/zonaroja.com.mx\/index.php?rest_route=%2Fwp%2Fv2%2Fcategories&post=57361"},{"taxonomy":"post_tag","embeddable":true,"href":"https:\/\/zonaroja.com.mx\/index.php?rest_route=%2Fwp%2Fv2%2Ftags&post=57361"}],"curies":[{"name":"wp","href":"https:\/\/api.w.org\/{rel}","templated":true}]}}