{"id":57369,"date":"2023-07-09T10:00:00","date_gmt":"2023-07-09T15:00:00","guid":{"rendered":"http:\/\/www.zonaroja.com.mx\/?p=57369"},"modified":"2023-07-09T09:11:20","modified_gmt":"2023-07-09T14:11:20","slug":"guerrero-del-horror-incendio-de-vehiculos-y-5-asesinados-en-sonora-tres-policias","status":"publish","type":"post","link":"https:\/\/zonaroja.com.mx\/?p=57369","title":{"rendered":"Guerrero del horror: incendio de veh\u00edculos y 5 asesinados; en Sonora, tres polic\u00edas"},"content":{"rendered":"\n<p>Redacci\u00f3n\/Zona Roja Cdmx.<\/p>\n\n\n\n<p>Ciudad de M\u00e9xico, a 9 de julio de 2023.- La violencia escal\u00f3 de nuevo en M\u00e9xico este s\u00e1bado y en Guerrero fueron asesinados cinco transportistas, adem\u00e1s de quemar sus veh\u00edculos; en Sonora hallaron sin vida a tres polic\u00edas y en Guanajuato mataron en una fiesta a un hombre y una mujer.<\/p>\n\n\n\n<p>Al sur de Cajeme, Sonora, fueron hallados ayer los cuerpos sin vida de tres personas envueltos en bolsas negras de pl\u00e1stico y enrolladas con cinta gris.<\/p>\n\n\n\n<p>La Fiscal\u00eda General de Justicia del Estado (FGJE) confirm\u00f3 que se trata de los tres hermanos polic\u00edas, integrantes de la Direcci\u00f3n de Seguridad P\u00fablica Municipal, Marco Antonio, Jos\u00e9 de Jes\u00fas y Carlos L\u00f3pez F\u00e9lix, de 48, 42 y 44 a\u00f1os, respectivamente, privados de la libertad el pasad 30 de junio, de acuerdo con \u201cEl Universal\u201d.<\/p>\n\n\n\n<p>Tambi\u00e9n, el mismo peri\u00f3dico nacional dio a conocer que en menos de 24 horas, nueve unidades del transporte p\u00fablico de Chilpancingo, de la comunidad de Petaquillas, Chilapa y Mochitl\u00e1n fueron incendiadas, atacadas a balazos y con granadas de fragmentaci\u00f3n en la capital de Guerrero.<\/p>\n\n\n\n<p>En estos ataques por lo menos cinco choferes de transporte p\u00fablico fueron asesinados y tres personas m\u00e1s quedaron heridas.<\/p>\n\n\n\n<p>En Villaldama, Nuevo Le\u00f3n, se report\u00f3 una persecuci\u00f3n y ataque a balazos a polic\u00edas por parte de un grupo armado; estos \u00faltimos posteriormente&nbsp;fueron encontrados asesinados en el veh\u00edculo que tripulaban.<\/p>\n\n\n\n<p>Los cad\u00e1veres estaban calcinados y el veh\u00edculo completamente destruido por las llamas, por lo que ser\u00eda necesaria la realizaci\u00f3n de estudios periciales comparativos de ADN para identificar a las v\u00edctimas.<\/p>\n\n\n\n<p>En Le\u00f3n, Guanajuato, en los \u00faltimos minutos de la noche del viernes, en un sal\u00f3n de bailes de la colonia Paseos de la Cima, se registr\u00f3 una agresi\u00f3n armada, que dej\u00f3 como saldo dos personas muertas y al menos cuatro lesionados.<\/p>\n","protected":false},"excerpt":{"rendered":"<p>Redacci\u00f3n\/Zona Roja Cdmx. Ciudad de M\u00e9xico, a 9 de julio de 2023.- La violencia escal\u00f3&hellip;<\/p>\n","protected":false},"author":2,"featured_media":57370,"comment_status":"closed","ping_status":"open","sticky":false,"template":"","format":"standard","meta":{"_lmt_disableupdate":"","_lmt_disable":"","_jetpack_memberships_contains_paid_content":false,"footnotes":""},"categories":[109,51],"tags":[1746],"class_list":["post-57369","post","type-post","status-publish","format-standard","has-post-thumbnail","hentry","category-minuto-a-minuto","category-zona-roja","tag-violencia-en-mexico"],"jetpack_featured_media_url":"https:\/\/zonaroja.com.mx\/wp-content\/uploads\/2023\/07\/Violencia-transportistas-Guerrero.jpeg","jetpack_sharing_enabled":true,"_links":{"self":[{"href":"https:\/\/zonaroja.com.mx\/index.php?rest_route=\/wp\/v2\/posts\/57369","targetHints":{"allow":["GET"]}}],"collection":[{"href":"https:\/\/zonaroja.com.mx\/index.php?rest_route=\/wp\/v2\/posts"}],"about":[{"href":"https:\/\/zonaroja.com.mx\/index.php?rest_route=\/wp\/v2\/types\/post"}],"author":[{"embeddable":true,"href":"https:\/\/zonaroja.com.mx\/index.php?rest_route=\/wp\/v2\/users\/2"}],"replies":[{"embeddable":true,"href":"https:\/\/zonaroja.com.mx\/index.php?rest_route=%2Fwp%2Fv2%2Fcomments&post=57369"}],"version-history":[{"count":1,"href":"https:\/\/zonaroja.com.mx\/index.php?rest_route=\/wp\/v2\/posts\/57369\/revisions"}],"predecessor-version":[{"id":57371,"href":"https:\/\/zonaroja.com.mx\/index.php?rest_route=\/wp\/v2\/posts\/57369\/revisions\/57371"}],"wp:featuredmedia":[{"embeddable":true,"href":"https:\/\/zonaroja.com.mx\/index.php?rest_route=\/wp\/v2\/media\/57370"}],"wp:attachment":[{"href":"https:\/\/zonaroja.com.mx\/index.php?rest_route=%2Fwp%2Fv2%2Fmedia&parent=57369"}],"wp:term":[{"taxonomy":"category","embeddable":true,"href":"https:\/\/zonaroja.com.mx\/index.php?rest_route=%2Fwp%2Fv2%2Fcategories&post=57369"},{"taxonomy":"post_tag","embeddable":true,"href":"https:\/\/zonaroja.com.mx\/index.php?rest_route=%2Fwp%2Fv2%2Ftags&post=57369"}],"curies":[{"name":"wp","href":"https:\/\/api.w.org\/{rel}","templated":true}]}}