{"id":57375,"date":"2023-07-09T20:51:20","date_gmt":"2023-07-10T01:51:20","guid":{"rendered":"http:\/\/www.zonaroja.com.mx\/?p=57375"},"modified":"2023-07-09T20:51:23","modified_gmt":"2023-07-10T01:51:23","slug":"fin-de-semana-violento-en-oaxaca-tres-asesinados-a-balazos-y-un-levanton","status":"publish","type":"post","link":"https:\/\/zonaroja.com.mx\/?p=57375","title":{"rendered":"Fin de semana violento en Oaxaca: tres asesinados a balazos y un \u201clevant\u00f3n\u201d"},"content":{"rendered":"\n<p>Ismael Garc\u00eda M.\/Zona Roja.<\/p>\n\n\n\n<p>Oaxaca de Ju\u00e1rez, Oax., a 9 de julio de 2023.- El fracaso de los operativos de la Secretar\u00eda de Seguridad y Protecci\u00f3n Ciudadana de Oaxaca dejaron este fin de semana tres personas asesinadas, una de ellas con la cabeza en una bolsa, y un sujeto que fue sacado de un bar y secuestrado.<\/p>\n\n\n\n<p>Este domingo, un joven fue ejecutado en Putla Villa de Guerrero y su cuerpo, con una cabeza en la bolsa, arrojado a un predio.<\/p>\n\n\n\n<p>Vest\u00eda un pantaloncillo gris y una playera azul; de manera preliminar fue identificado como Jaime Uriel L. C., de 19 a\u00f1os de edad.<\/p>\n\n\n\n<p>En tanto que ayer al mediod\u00eda en un camino de terracer\u00eda de la agencia El Carrizal de Cuil\u00e1pam de Guerrero, en la colindancia con San Pedro Ixtlahuaca, fue hallado un individuo con varios impactos de arma de fuego.<\/p>\n\n\n\n<p>La v\u00edctima a\u00fan no ha sido identificada por lo cual los restos fueron llevados al Instituto de Servicios Periciales de la Fiscal\u00eda General del Estado.<\/p>\n\n\n\n<p>Mientras que al mediod\u00eda de este s\u00e1bado, en Santa Elena Apazco, fue agredido a balazos un constructor identificado como Francisco O. A., de 45 a\u00f1os de edad.<\/p>\n\n\n\n<p>Fue trasladado de emergencia al Hospital Civil \u201cDr. Aurelio Valdivieso\u201d de la ciudad de Oaxaca, donde horas m\u00e1s tarde perdi\u00f3 la vida; hasta el momento no se tiene ning\u00fan indicio de los victimarios.<\/p>\n\n\n\n<p>Mientras que el municipio de Salina Cruz, en la regi\u00f3n del Istmo, la madrugada de hoy denunciaron el \u201clevant\u00f3n\u201d de un joven por parte de integrantes de un grupo armado, que ingresaron al restaurante \u201cBoric\u201d.<\/p>\n\n\n\n<p>La v\u00edctima, identificada como Carlos \u201cN\u201d, fue sacado por la fuerza y subido a una camioneta roja, que huy\u00f3 con rumbo desconocido.&nbsp;<\/p>\n\n\n\n<p>Elementos policiacos tardaron en llegar a la zona, por lo cual no fue posible interceptar o hallar a los plagiarios.<\/p>\n\n\n\n<figure class=\"wp-block-embed is-type-rich is-provider-twitter wp-block-embed-twitter\"><div class=\"wp-block-embed__wrapper\">\n<div class=\"twitter-tweet\"><blockquote class=\"twitter-tweet\" data-lang=\"es\"><p lang=\"es\" dir=\"ltr\">Mientras el edil de San Pedro Ixtlahuaca, Oaxaca, Roberto P\u00e9rez Delgado, contin\u00faa en francachelas, en inmediaciones de se municipio, colindancia con Cuil\u00e1pam de Guerrero, fue hallado ayer el cuerpo sin vida de una persona; la v\u00edctima a\u00fan no ha sido identificada y se desconoce a\u00fan\u2026 <a href=\"https:\/\/t.co\/Z2ZuSavXHr\">pic.twitter.com\/Z2ZuSavXHr<\/a><\/p>&mdash; Zona Roja Oaxaca (@ZonaRoja_Oaxaca) <a href=\"https:\/\/twitter.com\/ZonaRoja_Oaxaca\/status\/1678049923244122114?ref_src=twsrc%5Etfw\">9 de julio de 2023<\/a><\/blockquote><\/div>\n<\/div><\/figure>\n","protected":false},"excerpt":{"rendered":"<p>Ismael Garc\u00eda M.\/Zona Roja. Oaxaca de Ju\u00e1rez, Oax., a 9 de julio de 2023.- El&hellip;<\/p>\n","protected":false},"author":2,"featured_media":57376,"comment_status":"closed","ping_status":"open","sticky":false,"template":"","format":"standard","meta":{"_lmt_disableupdate":"","_lmt_disable":"","_jetpack_memberships_contains_paid_content":false,"footnotes":""},"categories":[109,51],"tags":[969],"class_list":["post-57375","post","type-post","status-publish","format-standard","has-post-thumbnail","hentry","category-minuto-a-minuto","category-zona-roja","tag-putla-villa-de-guerrero"],"jetpack_featured_media_url":"https:\/\/zonaroja.com.mx\/wp-content\/uploads\/2023\/07\/e51df7fe-62f1-4daa-9f8a-dd4d41f17fca.jpg","jetpack_sharing_enabled":true,"_links":{"self":[{"href":"https:\/\/zonaroja.com.mx\/index.php?rest_route=\/wp\/v2\/posts\/57375","targetHints":{"allow":["GET"]}}],"collection":[{"href":"https:\/\/zonaroja.com.mx\/index.php?rest_route=\/wp\/v2\/posts"}],"about":[{"href":"https:\/\/zonaroja.com.mx\/index.php?rest_route=\/wp\/v2\/types\/post"}],"author":[{"embeddable":true,"href":"https:\/\/zonaroja.com.mx\/index.php?rest_route=\/wp\/v2\/users\/2"}],"replies":[{"embeddable":true,"href":"https:\/\/zonaroja.com.mx\/index.php?rest_route=%2Fwp%2Fv2%2Fcomments&post=57375"}],"version-history":[{"count":1,"href":"https:\/\/zonaroja.com.mx\/index.php?rest_route=\/wp\/v2\/posts\/57375\/revisions"}],"predecessor-version":[{"id":57377,"href":"https:\/\/zonaroja.com.mx\/index.php?rest_route=\/wp\/v2\/posts\/57375\/revisions\/57377"}],"wp:featuredmedia":[{"embeddable":true,"href":"https:\/\/zonaroja.com.mx\/index.php?rest_route=\/wp\/v2\/media\/57376"}],"wp:attachment":[{"href":"https:\/\/zonaroja.com.mx\/index.php?rest_route=%2Fwp%2Fv2%2Fmedia&parent=57375"}],"wp:term":[{"taxonomy":"category","embeddable":true,"href":"https:\/\/zonaroja.com.mx\/index.php?rest_route=%2Fwp%2Fv2%2Fcategories&post=57375"},{"taxonomy":"post_tag","embeddable":true,"href":"https:\/\/zonaroja.com.mx\/index.php?rest_route=%2Fwp%2Fv2%2Ftags&post=57375"}],"curies":[{"name":"wp","href":"https:\/\/api.w.org\/{rel}","templated":true}]}}