{"id":57378,"date":"2023-07-09T21:19:07","date_gmt":"2023-07-10T02:19:07","guid":{"rendered":"http:\/\/www.zonaroja.com.mx\/?p=57378"},"modified":"2023-07-09T21:19:09","modified_gmt":"2023-07-10T02:19:09","slug":"desaparece-otro-periodista-ahora-en-veracruz-en-guerrero-enesima-agresion","status":"publish","type":"post","link":"https:\/\/zonaroja.com.mx\/?p=57378","title":{"rendered":"Desaparece otro periodista, ahora en Veracruz; en Guerrero, en\u00e9sima agresi\u00f3n"},"content":{"rendered":"\n<p>Redacci\u00f3n\/Zona Roja Cdmx.<\/p>\n\n\n\n<p>Ciudad de M\u00e9xico, a 9 de julio de 2023.- El fotoperiodista Juan Carlos Hinojosa Viveros est\u00e1 reportado como desaparecido desde el pasado jueves 6 de julio en Nanchital, Veracruz.<\/p>\n\n\n\n<p>La Asociaci\u00f3n de Periodistas de Coatzacoalcos AC (APEC) confirm\u00f3 la desaparici\u00f3n del joven de 27 a\u00f1os.<\/p>\n\n\n\n<p>\u201cAPEC exige al Gobierno de Veracruz, a la Fiscal\u00eda General del Estado de Veracruz y a la Fiscal\u00eda Especializada para la Atenci\u00f3n de Delitos Cometidos contra Periodistas, resultados expeditos en la investigaci\u00f3n de la desaparici\u00f3n\u201d.<\/p>\n\n\n\n<p>Hinojosa Viveros se desempe\u00f1a como fot\u00f3grafo de la Direcci\u00f3n de Comunicaci\u00f3n Social del Ayuntamiento de Nanchital y editor de La de 8 News, medio que cubre temas de migraci\u00f3n y recientemente incendios en la zona industrial.<\/p>\n\n\n\n<p>Juan Carlos fue visto por \u00faltima vez el 6 julio, alrededor de las 7:30 am, en la zona de la Factor\u00eda en Nanchital.<\/p>\n\n\n\n<p>La organizaci\u00f3n Art\u00edculo 19 urgi\u00f3 a las autoridades municipales y estatales a coordinar acciones urgentes con la Comisi\u00f3n Nacional de B\u00fasqueda y la Secretar\u00eda de Gobernaci\u00f3n, aplicando el&nbsp; Protocolo Homologado de b\u00fasqueda de Personas desaparecidas, que garanticen la localizaci\u00f3n con vida.<\/p>\n\n\n\n<p>De igual modo, piden a la fiscal\u00eda estatal y a la Fiscal\u00eda General de la Rep\u00fablica (FGR) que investiguen tomando en cuenta su labor en la municipalidad as\u00ed como su actividad period\u00edstica.<\/p>\n\n\n\n<p>EN GUERRERO<\/p>\n\n\n\n<p>El reportero Alberto G\u00f3mez denunci\u00f3 que durante la medianoche del viernes, sujetos desconocidos se metieron a robar en su departamento, en Chilpancingo, Guerrero, de donde se llevaron su computadora en la que guardaba los archivos de varios a\u00f1os de trabajo, adem\u00e1s de otras pertenencias.<\/p>\n\n\n\n<p>Al respecto, Abel Miranda, dirigente de la secci\u00f3n 17 del Sindicato Nacional de Redactores de la Prensa en Chilpancingo, manifest\u00f3 que suman siete casos de robo en esta capital \u201cy extra\u00f1amente se enfocan con lo que tiene que ver con sus herramientas de trabajo\u201d.<\/p>\n\n\n\n<p>Explic\u00f3 que esta semana en Acapulco, fue baleado Alan Castro, hijo del periodista Celso Castro y responsable de la p\u00e1gina Contacto TV Guerrero en Facebook.<\/p>\n\n\n\n<p>Miranda demand\u00f3 al gobierno estatal \u201cque se investiguen las agresiones a los periodistas en la entidad, y que sean resarcidos los da\u00f1os a los compa\u00f1eros, porque por lo general se han sustra\u00eddo sus herramientas de trabajo como c\u00e1maras, grabadoras, computadoras y celulares\u201d.<\/p>\n\n\n\n<p>El reportero Alberto G\u00f3mez trabaja para diversas plataformas informativas, entre ellas R\u00e9plica, y tambi\u00e9n colabora con imagen para Milenio, en la cobertura de marchas y movilizaciones que se realizan en diversos puntos de la entidad.<\/p>\n\n\n\n<p>(Informaci\u00f3n de Animal Pol\u00edtico y \u201cLa Jornada\u201d, respectivamente)<\/p>\n","protected":false},"excerpt":{"rendered":"<p>Redacci\u00f3n\/Zona Roja Cdmx. Ciudad de M\u00e9xico, a 9 de julio de 2023.- El fotoperiodista Juan&hellip;<\/p>\n","protected":false},"author":2,"featured_media":57379,"comment_status":"closed","ping_status":"open","sticky":false,"template":"","format":"standard","meta":{"_lmt_disableupdate":"","_lmt_disable":"","_jetpack_memberships_contains_paid_content":false,"footnotes":""},"categories":[109,47],"tags":[472],"class_list":["post-57378","post","type-post","status-publish","format-standard","has-post-thumbnail","hentry","category-minuto-a-minuto","category-zona-gris","tag-asesinatos-de-periodistas-en-mexico"],"jetpack_featured_media_url":"https:\/\/zonaroja.com.mx\/wp-content\/uploads\/2023\/07\/Fotoperiodista-Juan-Carlos-Hinojosa-Guerrero.webp","jetpack_sharing_enabled":true,"_links":{"self":[{"href":"https:\/\/zonaroja.com.mx\/index.php?rest_route=\/wp\/v2\/posts\/57378","targetHints":{"allow":["GET"]}}],"collection":[{"href":"https:\/\/zonaroja.com.mx\/index.php?rest_route=\/wp\/v2\/posts"}],"about":[{"href":"https:\/\/zonaroja.com.mx\/index.php?rest_route=\/wp\/v2\/types\/post"}],"author":[{"embeddable":true,"href":"https:\/\/zonaroja.com.mx\/index.php?rest_route=\/wp\/v2\/users\/2"}],"replies":[{"embeddable":true,"href":"https:\/\/zonaroja.com.mx\/index.php?rest_route=%2Fwp%2Fv2%2Fcomments&post=57378"}],"version-history":[{"count":1,"href":"https:\/\/zonaroja.com.mx\/index.php?rest_route=\/wp\/v2\/posts\/57378\/revisions"}],"predecessor-version":[{"id":57380,"href":"https:\/\/zonaroja.com.mx\/index.php?rest_route=\/wp\/v2\/posts\/57378\/revisions\/57380"}],"wp:featuredmedia":[{"embeddable":true,"href":"https:\/\/zonaroja.com.mx\/index.php?rest_route=\/wp\/v2\/media\/57379"}],"wp:attachment":[{"href":"https:\/\/zonaroja.com.mx\/index.php?rest_route=%2Fwp%2Fv2%2Fmedia&parent=57378"}],"wp:term":[{"taxonomy":"category","embeddable":true,"href":"https:\/\/zonaroja.com.mx\/index.php?rest_route=%2Fwp%2Fv2%2Fcategories&post=57378"},{"taxonomy":"post_tag","embeddable":true,"href":"https:\/\/zonaroja.com.mx\/index.php?rest_route=%2Fwp%2Fv2%2Ftags&post=57378"}],"curies":[{"name":"wp","href":"https:\/\/api.w.org\/{rel}","templated":true}]}}