{"id":57381,"date":"2023-07-09T22:17:05","date_gmt":"2023-07-10T03:17:05","guid":{"rendered":"http:\/\/www.zonaroja.com.mx\/?p=57381"},"modified":"2023-07-09T22:17:08","modified_gmt":"2023-07-10T03:17:08","slug":"municipios-morenistas-de-zaachila-y-juquila-siguen-con-sus-conflictos","status":"publish","type":"post","link":"https:\/\/zonaroja.com.mx\/?p=57381","title":{"rendered":"Municipios morenistas de Zaachila y Juquila siguen con sus conflictos\u00a0"},"content":{"rendered":"\n<p>Redacci\u00f3n\/Zona Roja.<\/p>\n\n\n\n<p>Oaxaca de Ju\u00e1rez, Oax., a 9 de julio de 2023.- A una semana del primer Lunes del Cerro de la Guelaguetza, dos municipios morenistas siguen en Conflicto, la Villa de Zaachila y Santa Catarina Juquila.<\/p>\n\n\n\n<p>Este domingo, habitantes del Barrio San Nicolas denunciaron una agresi\u00f3n armada por parte del Barrio de Jes\u00fas hacia integrantes de su comisi\u00f3n negociadora, con saldo \u00fanicamente de da\u00f1os materiales a varios comercios y viviendas.<\/p>\n\n\n\n<p>El l\u00edo interno tiene su origen en la disputa del agua potable, pues desde el pasado 26 de junio, moradores del Barrio de Jes\u00fas se apoderaron del paraje \u201cla Mora\u201d, donde se encuentra la caja de agua potable y suspendieron el servicio al Barrio San Nicol\u00e1s.<\/p>\n\n\n\n<p>Los agresores, seg\u00fan denunciaron, cuentan con el respaldo del presidente municipal, Felipe Ju\u00e1rez Guzm\u00e1n, surgido del Partido Morena, quien respalda al presidente del Consejo de Vigilancia del Comisariado de Bienes Comunes de Juquila, Juli\u00e1n S\u00e1nchez Le\u00f3n.<\/p>\n\n\n\n<p>La semana pasada, un grupo de San Nicol\u00e1s estuvo en la Secretar\u00eda de Gobierno, ciudad de Oaxaca, pero \u00fanicamente lograron el compromiso gubernamental de mediar en el asunto para evitar m\u00e1s conflictos, lo cual no ha sucedido.<\/p>\n\n\n\n<p>Los disparos de arma de fuego efectuados la madrugada de hoy da\u00f1aron el gimnasio del hotel \u201cSan Pedro\u201d y el caf\u00e9 \u201cFinca los Reyes\u201d del hotel \u201cSan Rafael\u201d, sin da\u00f1os a personas.<\/p>\n\n\n\n<figure class=\"wp-block-embed is-type-rich is-provider-twitter wp-block-embed-twitter\"><div class=\"wp-block-embed__wrapper\">\n<div class=\"twitter-tweet\"><blockquote class=\"twitter-tweet\" data-lang=\"es\"><p lang=\"es\" dir=\"ltr\">El conflicto interno y la violencia contin\u00faan en Santa Catarina Juquila, el santuario religioso m\u00e1s importante de Oaxaca, y habitantes del Barrio de San Nicol\u00e1s reportan una agresi\u00f3n armada por parte de sus vecinos del Barrio de Jes\u00fas; no hubo v\u00edctimas, s\u00f3lo da\u00f1os materiales. <a href=\"https:\/\/t.co\/gWarGqyM7D\">pic.twitter.com\/gWarGqyM7D<\/a><\/p>&mdash; Zona Roja Oaxaca (@ZonaRoja_Oaxaca) <a href=\"https:\/\/twitter.com\/ZonaRoja_Oaxaca\/status\/1678215001935433728?ref_src=twsrc%5Etfw\">10 de julio de 2023<\/a><\/blockquote><\/div>\n<\/div><\/figure>\n\n\n\n<p>EN ZAACHILA<\/p>\n\n\n\n<p>Por otra parte, por segundo d\u00eda consecutivo, polic\u00edas de la Villa de Zaachila contin\u00faan en paro de labores, para exigir mejoras salariales as\u00ed como equipamiento para realizar sus labores.<\/p>\n\n\n\n<p>Ello mientras el presidente municipal, surgido de Morena, Rigoberto Chac\u00f3n P\u00e9rez, se pas\u00f3 toda la tarde de ayer en la ciudad de Oaxaca y anduvo bailando en las calles, con motivo del convite que se efectu\u00f3 ayer.<\/p>\n\n\n\n<p>Tras ello, seg\u00fan los uniformados, el edil lleg\u00f3 en estado de ebriedad al palacio municipal y present\u00f3 a un nuevo responsable de la seguridad p\u00fablica municipal.<\/p>\n\n\n\n<p>\u201cA altas horas de la noche de ayer s\u00e1bado, en la oscuridad, solo sin la presencia de un solo integrante del cabildo, el presidente municipal de la Villa de Zaachila, Rigoberto Chac\u00f3n, se presenta en el cuartel de la polic\u00eda municipal, para instalar al nuevo director de la polic\u00eda.<\/p>\n\n\n\n<p>\u201cEn d\u00edas pasado, despidi\u00f3 al anterior director, visto como un acto de represalia a la protesta de los elementos de la polic\u00eda municipal, que solicitan mejoras a las instalaciones del cuartel, as\u00ed como uniformes e incremento salarial, entre otras exigencias.<\/p>\n\n\n\n<p>\u201cA medio d\u00eda de este s\u00e1bado, a plena luz del d\u00eda, los regidores acudieron al Palacio de Gobierno a solicitar la intervenci\u00f3n del secretario General de Gobierno, Jes\u00fas Romero, para atender las problem\u00e1ticas m\u00e1s graves de la poblaci\u00f3n, como son: la falta de atenci\u00f3n a la protesta de la polic\u00eda municipal, el problema de la basura, la saturaci\u00f3n del pante\u00f3n municipal, el deficiente mantenimiento de las luminarias del alumbrado p\u00fablico y la reparaci\u00f3n del desperfecto del sistema de las 56 c\u00e1maras de seguridad, conocido como C-2, que se encuentran en el municipio que desde hace mas de un mes fue averiado por un rayo de una tormenta\u201d, denunciaron en un comunicado.<\/p>\n\n\n\n<p>\u201cEl presidente municipal Rigoberto Chac\u00f3n, despu\u00e9s de sus fiestas y descuidos continuos a la administraci\u00f3n municipal, lleno de ira, perdiendo el control de s\u00ed, se presenta con los elementos de la polic\u00eda municipal que se encontraban de turno, para querer dar un golpe de autoridad, o m\u00e1s bien de autoritarismo, presentando al nuevo director, que ya tiene d\u00edas nombrado pero que la tropa no lo ha tomado en cuenta.<\/p>\n\n\n\n<p>\u201cSolo fue acompa\u00f1ado de Miguel Villalobos, secretario municipal, destacando que la esposa del presidente y del secretario municipal son primas hermanas, as\u00ed tambi\u00e9n lo acompa\u00f1o su sobrino Celestino Flores Chac\u00f3n, director de Comunicaci\u00f3n Social del municipio, tambi\u00e9n lo acompa\u00f1\u00f3 el director jur\u00eddico, pero no tuvo el acompa\u00f1amiento de ning\u00fan regidor ni de la S\u00edndico municipal. Una vez m\u00e1s queda demostrado que Zaachila est\u00e1 en manos de un gobierno plagado de nepotismo\u201d, acusaron los elementos policiacos.<\/p>\n\n\n\n<figure class=\"wp-block-embed is-type-rich is-provider-twitter wp-block-embed-twitter\"><div class=\"wp-block-embed__wrapper\">\n<div class=\"twitter-tweet\"><blockquote class=\"twitter-tweet\" data-lang=\"es\"><p lang=\"es\" dir=\"ltr\">Contin\u00faa el paro de polic\u00edas municipales en la Villa de Zaachila y anoche -despu\u00e9s de bailar por las calles de la ciudad de Oaxaca durante el convite-, el edil <a href=\"https:\/\/twitter.com\/Dr_RigoChacon?ref_src=twsrc%5Etfw\">@Dr_RigoChacon<\/a> \u00fanicamente acudi\u00f3 por unos minutos a imponer al nuevo director de seguridad, pero sin dar respuesta a las\u2026 <a href=\"https:\/\/t.co\/TZ3Vdtb0Zc\">pic.twitter.com\/TZ3Vdtb0Zc<\/a><\/p>&mdash; Zona Roja Oaxaca (@ZonaRoja_Oaxaca) <a href=\"https:\/\/twitter.com\/ZonaRoja_Oaxaca\/status\/1678170658377695234?ref_src=twsrc%5Etfw\">9 de julio de 2023<\/a><\/blockquote><\/div>\n<\/div><\/figure>\n","protected":false},"excerpt":{"rendered":"<p>Redacci\u00f3n\/Zona Roja. Oaxaca de Ju\u00e1rez, Oax., a 9 de julio de 2023.- A una semana&hellip;<\/p>\n","protected":false},"author":2,"featured_media":57382,"comment_status":"closed","ping_status":"open","sticky":false,"template":"","format":"standard","meta":{"_lmt_disableupdate":"","_lmt_disable":"","_jetpack_memberships_contains_paid_content":false,"footnotes":""},"categories":[109,47],"tags":[545,155],"class_list":["post-57381","post","type-post","status-publish","format-standard","has-post-thumbnail","hentry","category-minuto-a-minuto","category-zona-gris","tag-santa-catarina-juquila","tag-villa-de-zaachila"],"jetpack_featured_media_url":"https:\/\/zonaroja.com.mx\/wp-content\/uploads\/2023\/07\/Balazos-Barrio-San-Nicolas-Juquila.jpg","jetpack_sharing_enabled":true,"_links":{"self":[{"href":"https:\/\/zonaroja.com.mx\/index.php?rest_route=\/wp\/v2\/posts\/57381","targetHints":{"allow":["GET"]}}],"collection":[{"href":"https:\/\/zonaroja.com.mx\/index.php?rest_route=\/wp\/v2\/posts"}],"about":[{"href":"https:\/\/zonaroja.com.mx\/index.php?rest_route=\/wp\/v2\/types\/post"}],"author":[{"embeddable":true,"href":"https:\/\/zonaroja.com.mx\/index.php?rest_route=\/wp\/v2\/users\/2"}],"replies":[{"embeddable":true,"href":"https:\/\/zonaroja.com.mx\/index.php?rest_route=%2Fwp%2Fv2%2Fcomments&post=57381"}],"version-history":[{"count":1,"href":"https:\/\/zonaroja.com.mx\/index.php?rest_route=\/wp\/v2\/posts\/57381\/revisions"}],"predecessor-version":[{"id":57383,"href":"https:\/\/zonaroja.com.mx\/index.php?rest_route=\/wp\/v2\/posts\/57381\/revisions\/57383"}],"wp:featuredmedia":[{"embeddable":true,"href":"https:\/\/zonaroja.com.mx\/index.php?rest_route=\/wp\/v2\/media\/57382"}],"wp:attachment":[{"href":"https:\/\/zonaroja.com.mx\/index.php?rest_route=%2Fwp%2Fv2%2Fmedia&parent=57381"}],"wp:term":[{"taxonomy":"category","embeddable":true,"href":"https:\/\/zonaroja.com.mx\/index.php?rest_route=%2Fwp%2Fv2%2Fcategories&post=57381"},{"taxonomy":"post_tag","embeddable":true,"href":"https:\/\/zonaroja.com.mx\/index.php?rest_route=%2Fwp%2Fv2%2Ftags&post=57381"}],"curies":[{"name":"wp","href":"https:\/\/api.w.org\/{rel}","templated":true}]}}