{"id":57384,"date":"2023-07-10T07:46:00","date_gmt":"2023-07-10T12:46:00","guid":{"rendered":"http:\/\/www.zonaroja.com.mx\/?p=57384"},"modified":"2023-07-10T07:50:08","modified_gmt":"2023-07-10T12:50:08","slug":"opinion-y-en-donde-estan-las-dependencias-que-sancionan-danos-al-ambiente","status":"publish","type":"post","link":"https:\/\/zonaroja.com.mx\/?p=57384","title":{"rendered":"Opini\u00f3n. \u00bfY en d\u00f3nde est\u00e1n las dependencias que sancionan da\u00f1os al ambiente?"},"content":{"rendered":"\n<p>Ismael Garc\u00eda M.\/Zona Roja.<\/p>\n\n\n\n<p>Oaxaca de Ju\u00e1rez, Oax., a 10 de julio de 2023.- \u00bfAlguien sabe de la Procuradur\u00eda Federal de Protecci\u00f3n al Ambiente de la llamada \u201cCuarta Transformaci\u00f3n?<\/p>\n\n\n\n<p>\u00bfAlguien sabe qu\u00e9 hace la nueva Procuradur\u00eda Ambiental del Estado de Oaxaca, adem\u00e1s de ser un ente burocr\u00e1tico ahora sin cabeza?<\/p>\n\n\n\n<p>El caso es que, ni del orden estatal ni del orden federal hay un organismo que sancione la grave contaminaci\u00f3n al ambiente en la entidad, pese a m\u00faltiples problemas como la poluci\u00f3n en los r\u00edos \u201cAtoyac\u201d y \u201cSalado\u201d, entre muchos otros afluentes; la depredaci\u00f3n de flora y fauna otrora protegida, y ahora los tiraderos a cielo abierto en todo el estado, pero particularmente en la regi\u00f3n Valles Centrales, que desde hace un a\u00f1o sufre una crisis de la basura que parece no tener fin.<\/p>\n\n\n\n<p>Nadie. Salvo una voz en el desierto de los ambientalistas de la sociedad civil, nadie se preocupa por la contaminaci\u00f3n auditiva, el saqueo indiscriminado de madera en los bosques, as\u00ed como la caza furtiva, el creciente consumo de huevos de tortuga, por citar algunas irregularidades.<\/p>\n\n\n\n<p>\u00bfY LA PROFEPA?<\/p>\n\n\n\n<p>Una de las promesas de campa\u00f1a del Presidente Andr\u00e9s Manuel L\u00f3pez Obrador, fue desconcentrar la sede de las dependencias federales a los estados, para \u201cbrindad\u201d una atenci\u00f3n \u201ccon mayor agilidad\u201d.<\/p>\n\n\n\n<p>No cumpli\u00f3. Le falta un a\u00f1o de trabajo, o quiz\u00e1 menos, por la campa\u00f1a de relevo presidencial, y simplemente no ocurri\u00f3.<\/p>\n\n\n\n<p>En el caso de Oaxaca, estar\u00eda la sede principal de la Secretar\u00eda de Bienestar, y por supuesto que no sucedi\u00f3 el cambio, ni suceder\u00e1.<\/p>\n\n\n\n<p>Pero adem\u00e1s, el mandatario mexicano no s\u00f3lo no cumpli\u00f3 con la desconcentraci\u00f3n de las dependencias p\u00fablicas y organismos hacia el interior del pa\u00eds, sino que las centraliz\u00f3.<\/p>\n\n\n\n<p>Porque elimin\u00f3 las delegaciones federales y dej\u00f3 \u00fanicamente una representaci\u00f3n, una ventanilla, de algunas dependencias que, por supuesto, no tienen ninguna capacidad operativa, sino \u00fanicamente administrativa.<\/p>\n\n\n\n<p>Ese es el caso de la Profepa, que ni siquiera se sabe qui\u00e9n es su representante en Oaxaca mucho menos ha informado, en los \u00faltimos cinco a\u00f1os de gobierno federal, cu\u00e1les son las acciones que realiza.<\/p>\n\n\n\n<p>Un ejemplo de su indolencia es el \u201cAtoyac\u201d, donde desde octubre del a\u00f1o pasado, de manera impune recolectores particulares de basura de organizaciones como CATEM y la CTM comenzaron a llenar de desechos una margen del r\u00edo, justo en la parte sur de la Central de Abasto.<\/p>\n\n\n\n<p>Los montones crecieron hasta acumular m\u00e1s de tres mil 500 toneladas de pestilencia en zona federal, con los consecuentes da\u00f1os al ambiente y a la salud tanto de comerciantes como de habitantes de colonias aleda\u00f1as.<\/p>\n\n\n\n<p>Hubo denuncias, protestas, agresiones a la prensa, pero nada ni nadie movi\u00f3 a la Profepa para que hiciera algo; o por lo menos nadie supo si intervino o no.<\/p>\n\n\n\n<p>Paralelo a ello, el ayuntamiento de Oaxaca de Ju\u00e1rez comenz\u00f3 su propio tiradero tambi\u00e9n en zona federal, en el r\u00edo \u201cAtoyac\u201d, pero tampoco ha sido sancionada.<\/p>\n\n\n\n<p>\u00bfY LA PROPAEO?<\/p>\n\n\n\n<p>La Procuradur\u00eda de Protecci\u00f3n al Ambiente de Oaxaca (Propaeo) fue creada por el Congreso del Estado desde junio de 2018; fue modificada en agosto de 2021 y no fue sino hasta marzo de 2022 que tuvo su primer titular y en consecuencia comenz\u00f3 a funcionar, supuestamente.<\/p>\n\n\n\n<p>Sus atribuciones:<\/p>\n\n\n\n<p>I. Vigilar el exacto cumplimiento de la normativa ambiental en el estado e imponer las sanciones correspondientes por el incumplimiento de las mismas, mediante los procedimientos administrativos, que permita garantizar el derecho de toda persona a disfrutar de un ambiente adecuado para su desarrollo, salud y bienestar;<\/p>\n\n\n\n<p>II. Fomentar una participaci\u00f3n decidida, informada y responsable de la sociedad y de sus organizaciones en la vigilancia y cumplimiento voluntario de la legislaci\u00f3n ambiental a fin de incrementar su observancia y contribuir el (sic) desarrollo sustentable del estado; y<\/p>\n\n\n\n<p>III. Promover el acceso a la informaci\u00f3n ambiental para la toma de decisiones, procurando poner a disposici\u00f3n de la poblaci\u00f3n, informaci\u00f3n oportuna y objetiva para mejorar la toma de decisiones en materia de justicia ambiental.<\/p>\n\n\n\n<p>El 8 de marzo del \u00faltimo a\u00f1o de su sexenio, Alejandro Murat Hinojosa design\u00f3 a Jos\u00e9 Ernesto Ruiz L\u00f3pez como primer procurador ambiental, m\u00e1s para cumplir con el requisito de ley que para iniciar acciones efectivas.<\/p>\n\n\n\n<p>\u201cLa decisi\u00f3n de crear esta Procuradur\u00eda surge ante el desaf\u00edo de proteger la riqueza natural de la entidad, la cual, por sus caracter\u00edsticas geogr\u00e1ficas, alberga m\u00e1s de 12 mil 500 especies de flora y fauna en sus m\u00e1s de 9 millones de hect\u00e1reas, de las cu\u00e1les el 67% est\u00e1 cubierta por superficies forestales\u201d, justific\u00f3 en un bolet\u00edn.<\/p>\n\n\n\n<p>Pero resulta que el primer procurador ambiental no ten\u00eda nada de experiencia en el ramo, ni como activista ni como profesionista, pues era licenciado en derecho con estudios en ciencias pol\u00edticas.&nbsp;<\/p>\n\n\n\n<p>Su \u00fanico m\u00e9rito: \u201cha liderado propuestas y proyectos para el cuidado del medio ambiente en la entidad, entre las que destaca la creaci\u00f3n de esta misma instancia\u201d, adem\u00e1s de haber sido fugaz delegado de la Semarnat.<\/p>\n\n\n\n<p>Tan inexperto que durante los nueve meses que estuvo en el cargo no hizo nada m\u00e1s que supuestamente organizar administrativamente la Procuradur\u00eda de Protecci\u00f3n Ambiente.<\/p>\n\n\n\n<p>Por alguna extra\u00f1a raz\u00f3n, el gobernador Salom\u00f3n Jara lo ratific\u00f3, o lo dej\u00f3 en el cargo, y no fue sino hasta entonces en que comenz\u00f3 a recorrer a diestra y siniestra tiraderos clandestinos de basura, para imponer sanciones.<\/p>\n\n\n\n<p>Tambi\u00e9n acudi\u00f3 al r\u00edo \u201cAtoyac\u201d pero no hizo nada pues huy\u00f3 ante las amenazas de los recolectores particulares.<\/p>\n\n\n\n<p>Quiz\u00e1 por su fracasada gesti\u00f3n, la semana pasada Jos\u00e9 Ernesto Ruiz L\u00f3pez present\u00f3 su renuncia al cargo. Quiz\u00e1 pretende ahora s\u00ed, dedicarse de lleno a la pol\u00edtica, pues su sue\u00f1o ha sido tener una representaci\u00f3n popular, por el partido que sea.<\/p>\n\n\n\n<p>PRIVA IMPUNIDAD<\/p>\n\n\n\n<p>Por cierto, el ahora ex funcionario firm\u00f3, como delegado federal, una carta compromiso con el gobierno de Alejandro Murat, el 9 de marzo de 2018, para sanear los r\u00edos \u201cAtoyac\u201d y \u201cSalado\u201d. Pero ni siquiera de eso se acord\u00f3 durante su gesti\u00f3n como procurador.<\/p>\n\n\n\n<p>Precisamente sobre esos afluentes, que cruzan la capital, hay resoluciones judiciales que obligan a las autoridades de los tres \u00f3rdenes de gobierno a iniciar su saneamiento.&nbsp;<\/p>\n\n\n\n<p>Nadie ha hecho caso y una veintena de municipios siguen tirando a cielo abierto sus residuos de drenaje a los r\u00edos.<\/p>\n\n\n\n<p>Este lunes, el diario \u201cEl Imparcial\u201d public\u00f3 que Oaxaca ha perdido en 22 a\u00f1os alrededor de 415 mil hect\u00e1reas de bosque. Cotidianamente siguen bajando troceros hacia la ciudad, con toneladas de madera.<\/p>\n\n\n\n<p>Los tiraderos a cielo abierto, sin ning\u00fan tipo de regulaci\u00f3n, contin\u00faan en la ciudad de Oaxaca, en la Villa de Zaachila, en Santa Cruz Xoxocotl\u00e1n, por poner algunos ejemplos de la zona metropolitana capitalina.<\/p>\n\n\n\n<p>Al ayuntamiento de Oaxaca de Ju\u00e1rez seguir\u00e1 manteniendo sus montones de basura en la margen del \u201cAtoyac\u201d por lo que resta del trienio de Francisco Mart\u00ednez Neri.&nbsp;<\/p>\n\n\n\n<p>Muchas plantas residuales se han vuelto un foco de infecci\u00f3n, en lugar de tratar las aguas negras, y permanecen abandonadas, como la que se ubica en el parque \u201cEl Tequio\u201d.<\/p>\n\n\n\n<p>La insuficiente red de drenaje sigue llenado de pestilencia no s\u00f3lo los dos principales r\u00edos mencionados, sino muchos m\u00e1s en el interior del estado.<\/p>\n\n\n\n<p>Qu\u00e9 decir de la contaminaci\u00f3n auditiva, de la poluci\u00f3n que producen los veh\u00edculos de motor, cada vez m\u00e1s intensa, o las ladrilleras en la zona urbana.<\/p>\n\n\n\n<p>Pero no. A nadie le interesa proteger el ambiente en Oaxaca\u2026 porque no redit\u00faa pol\u00edticamente ni da votos ni es semillero de legisladores.&nbsp;<\/p>\n","protected":false},"excerpt":{"rendered":"<p>Ismael Garc\u00eda M.\/Zona Roja. Oaxaca de Ju\u00e1rez, Oax., a 10 de julio de 2023.- \u00bfAlguien&hellip;<\/p>\n","protected":false},"author":2,"featured_media":41735,"comment_status":"closed","ping_status":"open","sticky":false,"template":"","format":"standard","meta":{"_lmt_disableupdate":"","_lmt_disable":"","_jetpack_memberships_contains_paid_content":false,"footnotes":""},"categories":[456,109,48],"tags":[1353],"class_list":["post-57384","post","type-post","status-publish","format-standard","has-post-thumbnail","hentry","category-columna","category-minuto-a-minuto","category-zona-critica","tag-opinion-zona-critica"],"jetpack_featured_media_url":"https:\/\/zonaroja.com.mx\/wp-content\/uploads\/2022\/05\/Opinion-Ismael-Garcia-M.jpg","jetpack_sharing_enabled":true,"_links":{"self":[{"href":"https:\/\/zonaroja.com.mx\/index.php?rest_route=\/wp\/v2\/posts\/57384","targetHints":{"allow":["GET"]}}],"collection":[{"href":"https:\/\/zonaroja.com.mx\/index.php?rest_route=\/wp\/v2\/posts"}],"about":[{"href":"https:\/\/zonaroja.com.mx\/index.php?rest_route=\/wp\/v2\/types\/post"}],"author":[{"embeddable":true,"href":"https:\/\/zonaroja.com.mx\/index.php?rest_route=\/wp\/v2\/users\/2"}],"replies":[{"embeddable":true,"href":"https:\/\/zonaroja.com.mx\/index.php?rest_route=%2Fwp%2Fv2%2Fcomments&post=57384"}],"version-history":[{"count":1,"href":"https:\/\/zonaroja.com.mx\/index.php?rest_route=\/wp\/v2\/posts\/57384\/revisions"}],"predecessor-version":[{"id":57385,"href":"https:\/\/zonaroja.com.mx\/index.php?rest_route=\/wp\/v2\/posts\/57384\/revisions\/57385"}],"wp:featuredmedia":[{"embeddable":true,"href":"https:\/\/zonaroja.com.mx\/index.php?rest_route=\/wp\/v2\/media\/41735"}],"wp:attachment":[{"href":"https:\/\/zonaroja.com.mx\/index.php?rest_route=%2Fwp%2Fv2%2Fmedia&parent=57384"}],"wp:term":[{"taxonomy":"category","embeddable":true,"href":"https:\/\/zonaroja.com.mx\/index.php?rest_route=%2Fwp%2Fv2%2Fcategories&post=57384"},{"taxonomy":"post_tag","embeddable":true,"href":"https:\/\/zonaroja.com.mx\/index.php?rest_route=%2Fwp%2Fv2%2Ftags&post=57384"}],"curies":[{"name":"wp","href":"https:\/\/api.w.org\/{rel}","templated":true}]}}