{"id":5739,"date":"2019-11-14T19:18:04","date_gmt":"2019-11-15T01:18:04","guid":{"rendered":"http:\/\/www.zonaroja.com.mx\/?p=5739"},"modified":"2019-11-14T19:18:10","modified_gmt":"2019-11-15T01:18:10","slug":"madre-de-joven-baleada-denuncia-que-fiscalia-revictimiza-a-su-hija","status":"publish","type":"post","link":"https:\/\/zonaroja.com.mx\/?p=5739","title":{"rendered":"Madre de joven baleada denuncia que Fiscal\u00eda revictimiza a su hija"},"content":{"rendered":"\n<p>Evlin Arag\u00f3n\/Zona Roja.<\/p>\n\n\n\n<p>Oaxaca de Ju\u00e1rez, Oax., 14 de noviembre\nde 2019.- Con preguntas mis\u00f3ginas y ofensivas, personal de la Fiscal\u00eda General\ndel Estado han realizado las primeras indagatorias en el caso de la joven que fue\nbaleada a las afueras del cine en inmediaciones de la agencia de Candiani\nperteneciente a la capital de Oaxaca.<\/p>\n\n\n\n<p>As\u00ed lo denunci\u00f3 la madre de la joven,\nAleydi C. M., que a sus 21 a\u00f1os result\u00f3 herida con seis impactos de bala que un\nsujeto desconocido deton\u00f3 en el parabrisas de su veh\u00edculo, segundos despu\u00e9s de\nque lo abordara al salir del lugar de entretenimiento.<\/p>\n\n\n\n<p>\u201cS\u00ed voy a aclarar eso, sus preguntas\nhan sido tan mis\u00f3ginas, tan ofensivas hacia mi hija que le tomaron la\ndeclaraci\u00f3n, hacia la otra persona, preguntas tan mis\u00f3ginas, cosas como si se\ndedican a la prostituci\u00f3n y eso no lo voy a permitir, a las que la\ninterrogaron, no las van a culpar de algo\u201d, se\u00f1alo en entrevista difundida en\nlas redes sociales.<\/p>\n\n\n\n<p>Lo anterior dijo, lejos de contribuir en las investigaciones para dar con el paradero del responsable de los hechos, revictimiza a la joven y afecta psicol\u00f3gicamente a las personas que tambi\u00e9n han sido entrevistadas como testigos de los hechos, por lo que anunci\u00f3 que recurrir\u00e1 a otras instancias para denunciar la actitud de quienes en teor\u00eda est\u00e1n encargados de procurar justicia en la entidad.<\/p>\n\n\n\n<figure class=\"wp-block-embed-twitter wp-block-embed is-type-rich is-provider-twitter\"><div class=\"wp-block-embed__wrapper\">\n<div class=\"twitter-tweet\"><blockquote class=\"twitter-tweet\" data-lang=\"es\"><p lang=\"es\" dir=\"ltr\">Y ahora, personal de la <a href=\"https:\/\/twitter.com\/FISCALIA_GobOax?ref_src=twsrc%5Etfw\">@FISCALIA_GobOax<\/a> revictimiza a Aleyda, joven mujer atacada a balazos en la capital; sin ning\u00fan tacto ni perspectiva de g\u00e9nero, cuestiona a la v\u00edctima, denuncia su madre. <br>Video: Cortes\u00eda <a href=\"https:\/\/twitter.com\/ELPINERO?ref_src=twsrc%5Etfw\">@ELPINERO<\/a> <a href=\"https:\/\/twitter.com\/camaradamarko?ref_src=twsrc%5Etfw\">@camaradamarko<\/a> <a href=\"https:\/\/twitter.com\/jaimeguerrero08?ref_src=twsrc%5Etfw\">@jaimeguerrero08<\/a> <a href=\"https:\/\/twitter.com\/JCarlosMedranoM?ref_src=twsrc%5Etfw\">@JCarlosMedranoM<\/a> <a href=\"https:\/\/twitter.com\/Tomas7J?ref_src=twsrc%5Etfw\">@Tomas7J<\/a> <a href=\"https:\/\/t.co\/cUcSyPH2s9\">pic.twitter.com\/cUcSyPH2s9<\/a><\/p>&mdash; Zona Roja Oaxaca (@MexRoja) <a href=\"https:\/\/twitter.com\/MexRoja\/status\/1194985424818565120?ref_src=twsrc%5Etfw\">14 de noviembre de 2019<\/a><\/blockquote><\/div>\n<\/div><\/figure>\n\n\n\n<p>Record\u00f3 que en septiembre, pasado la\njoven sufri\u00f3 otro atentado, igual con arma de fuego, sin embargo ninguno de los\ndisparos le tocaron, por lo que deduce que existe una intenci\u00f3n de hacerle da\u00f1o\naunque desconoce las razones ya que asegura que su hija es maquillista y se\ndedica a los servicios de belleza para las mujeres.<\/p>\n\n\n\n<p>Por lo anterior, pidi\u00f3 a las\nautoridades en materia de seguridad estar al pendiente del resguardo de la\njoven, as\u00ed como al gobernador Alejandro Murat Hinojosa, mayor vigilancia y no\n\u00fanicamente para su familia, sino para toda la ciudadan\u00eda en general.<\/p>\n\n\n\n<p>Explic\u00f3 que la noche del lunes 11 de\nnoviembre, su hija fue atacada al interior de su veh\u00edculo luego de salir del\ncine, de acuerdo con los testimonios el responsable de los hechos fue individuo\nque vest\u00eda una sudadera negra con gorro que le cubr\u00eda parte del rostro y quien\ndespu\u00e9s de detonar el arma en seis ocasiones, se retir\u00f3 del lugar a bordo de\nuna bicicleta.<\/p>\n\n\n\n<p>\u201cYo me fui hacia otra camioneta, cuando\nescuch\u00e9 la detonaci\u00f3n, nos regresamos, me regres\u00e9 porque escuch\u00e9 el grito de mi\nhija quien result\u00f3 herida con los seis impactos que atravesaron en el\nparabrisas del veh\u00edculo\u201d, dijo.<\/p>\n\n\n\n<p>Pese a todo pron\u00f3stico la joven\noriginaria del estado de Hidalgo se encuentra fuera de peligro luego de ser\natendida por personal m\u00e9dico del Hospital Civil, cuyas atenciones reconoce la\nmadre de la joven, incluyendo el profesionalismo del personal m\u00e9dico.<\/p>\n\n\n\n<p>\u201cQuiero agradecer el gran apoyo del Hospital Civil, todo lo que he necesitado, buena atenci\u00f3n de los m\u00e9dicos y enfermeras, hemos tenido el apoyo muy bien se los agradezco, han tenido la mejor atenci\u00f3n para m\u00ed y mi hija\u201d, concluy\u00f3.<\/p>\n\n\n\n<figure class=\"wp-block-image\"><img decoding=\"async\" width=\"960\" height=\"795\" src=\"http:\/\/www.zonaroja.com.mx\/wp-content\/uploads\/2019\/11\/Caso-Aleydi-1.jpg\" alt=\"\" class=\"wp-image-5741\" srcset=\"https:\/\/zonaroja.com.mx\/wp-content\/uploads\/2019\/11\/Caso-Aleydi-1.jpg 960w, https:\/\/zonaroja.com.mx\/wp-content\/uploads\/2019\/11\/Caso-Aleydi-1-300x248.jpg 300w, https:\/\/zonaroja.com.mx\/wp-content\/uploads\/2019\/11\/Caso-Aleydi-1-768x636.jpg 768w, https:\/\/zonaroja.com.mx\/wp-content\/uploads\/2019\/11\/Caso-Aleydi-1-585x484.jpg 585w\" sizes=\"(max-width: 960px) 100vw, 960px\" \/><\/figure>\n","protected":false},"excerpt":{"rendered":"<p>Evlin Arag\u00f3n\/Zona Roja. Oaxaca de Ju\u00e1rez, Oax., 14 de noviembre de 2019.- Con preguntas mis\u00f3ginas&hellip;<\/p>\n","protected":false},"author":2,"featured_media":5740,"comment_status":"closed","ping_status":"open","sticky":false,"template":"","format":"standard","meta":{"_lmt_disableupdate":"","_lmt_disable":"","_jetpack_memberships_contains_paid_content":false,"footnotes":""},"categories":[109,51],"tags":[1010,494],"class_list":["post-5739","post","type-post","status-publish","format-standard","has-post-thumbnail","hentry","category-minuto-a-minuto","category-zona-roja","tag-aleyda-c-m","tag-fiscalia-general-del-estado-de-oaxaca"],"jetpack_featured_media_url":"https:\/\/zonaroja.com.mx\/wp-content\/uploads\/2019\/11\/Caso-Aleydi-2.jpg","jetpack_sharing_enabled":true,"_links":{"self":[{"href":"https:\/\/zonaroja.com.mx\/index.php?rest_route=\/wp\/v2\/posts\/5739","targetHints":{"allow":["GET"]}}],"collection":[{"href":"https:\/\/zonaroja.com.mx\/index.php?rest_route=\/wp\/v2\/posts"}],"about":[{"href":"https:\/\/zonaroja.com.mx\/index.php?rest_route=\/wp\/v2\/types\/post"}],"author":[{"embeddable":true,"href":"https:\/\/zonaroja.com.mx\/index.php?rest_route=\/wp\/v2\/users\/2"}],"replies":[{"embeddable":true,"href":"https:\/\/zonaroja.com.mx\/index.php?rest_route=%2Fwp%2Fv2%2Fcomments&post=5739"}],"version-history":[{"count":1,"href":"https:\/\/zonaroja.com.mx\/index.php?rest_route=\/wp\/v2\/posts\/5739\/revisions"}],"predecessor-version":[{"id":5742,"href":"https:\/\/zonaroja.com.mx\/index.php?rest_route=\/wp\/v2\/posts\/5739\/revisions\/5742"}],"wp:featuredmedia":[{"embeddable":true,"href":"https:\/\/zonaroja.com.mx\/index.php?rest_route=\/wp\/v2\/media\/5740"}],"wp:attachment":[{"href":"https:\/\/zonaroja.com.mx\/index.php?rest_route=%2Fwp%2Fv2%2Fmedia&parent=5739"}],"wp:term":[{"taxonomy":"category","embeddable":true,"href":"https:\/\/zonaroja.com.mx\/index.php?rest_route=%2Fwp%2Fv2%2Fcategories&post=5739"},{"taxonomy":"post_tag","embeddable":true,"href":"https:\/\/zonaroja.com.mx\/index.php?rest_route=%2Fwp%2Fv2%2Ftags&post=5739"}],"curies":[{"name":"wp","href":"https:\/\/api.w.org\/{rel}","templated":true}]}}