{"id":57398,"date":"2023-07-10T13:47:00","date_gmt":"2023-07-10T18:47:00","guid":{"rendered":"http:\/\/www.zonaroja.com.mx\/?p=57398"},"modified":"2023-07-10T08:48:57","modified_gmt":"2023-07-10T13:48:57","slug":"mexico-es-el-pais-con-mayores-temperaturas-de-america-latina-omm","status":"publish","type":"post","link":"https:\/\/zonaroja.com.mx\/?p=57398","title":{"rendered":"M\u00e9xico es el pa\u00eds con mayores temperaturas de Am\u00e9rica Latina: OMM"},"content":{"rendered":"\n<p>Redacci\u00f3n\/Zona Roja Cdmx.<\/p>\n\n\n\n<p>Ciudad de M\u00e9xico, a 10 de julio de 2023.- Los efectos del calentamiento global se hacen cada vez m\u00e1s presentes en todos los pa\u00edses, aunque de diferentes formas.<\/p>\n\n\n\n<p>En el caso de M\u00e9xico fueron las recientes ondas de calor, as\u00ed como sequ\u00edas debido a que es el pa\u00eds de Latinoam\u00e9rica que registra las temperaturas m\u00e1s altas, seg\u00fan la Organizaci\u00f3n Meteorol\u00f3gica Mundial (OMM).<\/p>\n\n\n\n<p>En el reporte \u201cEl estado del clima en Am\u00e9rica Latina y el Caribe 2022\u2033 el organismo explica que cada diez a\u00f1os los pa\u00edses de esta regi\u00f3n registran un incremento promedio en la temperatura, de aproximadamente 0.2 grados.<\/p>\n\n\n\n<p>\u201c(La temperatura) es la m\u00e1s acusada desde que se comenzaron a registrar las climatolog\u00edas de 30 a\u00f1os en 1900\u2033, advirti\u00f3.<\/p>\n\n\n\n<p>M\u00e9xico se situ\u00f3 entre 0.3 grados entre 1991 y 2022. La sequ\u00eda se hizo m\u00e1s evidente este a\u00f1o, pues las lluvias se redujeron entre 40 y 60 por ciento, seg\u00fan la OMM.<\/p>\n\n\n\n<p>Baja California registr\u00f3 precipitaciones en 20 por ciento por debajo de lo normal. Los estados de Nuevo Le\u00f3n y Tamaulipas fueron los m\u00e1s afectados por la sequ\u00eda en 2022.<\/p>\n\n\n\n<p>Alrededor del 30 por ciento del pa\u00eds experiment\u00f3 sequ\u00eda de moderada a extrema durante todo el a\u00f1o.<\/p>\n\n\n\n<p>En mayo, la mitad del territorio nacional estaba afectado por una sequ\u00eda de moderada a excepcional, seg\u00fan el Monitor de la Sequ\u00eda en M\u00e9xico.<\/p>\n\n\n\n<p>En consecuencia, tambi\u00e9n result\u00f3 afectado el suministro de agua en Monterrey y dos de las presas: La Boca y Cerro Prieto, alcanzaron niveles extremadamente bajos, con 13 y 7 por ciento de su capacidad total, respectivamente.<\/p>\n\n\n\n<p>Tambi\u00e9n inform\u00f3 que junio fue el m\u00e1s caluroso desde el inicio de los registros, pues las temperaturas del mar tuvieron un aumento nunca antes visto.<\/p>\n\n\n\n<p>La agencia meteorol\u00f3gica de la Organizaci\u00f3n de las Naciones Unidas (ONU) cit\u00f3 estos cambios en el planeta como resultado del cambio clim\u00e1tico ocasionado por los seres humanos. La OMM advirti\u00f3 que se espera un aumento en el calor cuyos efectos se extender\u00edan hasta el a\u00f1o 2024.<\/p>\n\n\n\n<p>(Informaci\u00f3n de \u201cEl Financiero\u201d)<\/p>\n","protected":false},"excerpt":{"rendered":"<p>Redacci\u00f3n\/Zona Roja Cdmx. Ciudad de M\u00e9xico, a 10 de julio de 2023.- Los efectos del&hellip;<\/p>\n","protected":false},"author":2,"featured_media":57392,"comment_status":"closed","ping_status":"open","sticky":false,"template":"","format":"standard","meta":{"_lmt_disableupdate":"","_lmt_disable":"","_jetpack_memberships_contains_paid_content":false,"footnotes":""},"categories":[109,47],"tags":[3583],"class_list":["post-57398","post","type-post","status-publish","format-standard","has-post-thumbnail","hentry","category-minuto-a-minuto","category-zona-gris","tag-ola-de-calor"],"jetpack_featured_media_url":"https:\/\/zonaroja.com.mx\/wp-content\/uploads\/2023\/07\/Calor-Mexico.jpeg","jetpack_sharing_enabled":true,"_links":{"self":[{"href":"https:\/\/zonaroja.com.mx\/index.php?rest_route=\/wp\/v2\/posts\/57398","targetHints":{"allow":["GET"]}}],"collection":[{"href":"https:\/\/zonaroja.com.mx\/index.php?rest_route=\/wp\/v2\/posts"}],"about":[{"href":"https:\/\/zonaroja.com.mx\/index.php?rest_route=\/wp\/v2\/types\/post"}],"author":[{"embeddable":true,"href":"https:\/\/zonaroja.com.mx\/index.php?rest_route=\/wp\/v2\/users\/2"}],"replies":[{"embeddable":true,"href":"https:\/\/zonaroja.com.mx\/index.php?rest_route=%2Fwp%2Fv2%2Fcomments&post=57398"}],"version-history":[{"count":1,"href":"https:\/\/zonaroja.com.mx\/index.php?rest_route=\/wp\/v2\/posts\/57398\/revisions"}],"predecessor-version":[{"id":57399,"href":"https:\/\/zonaroja.com.mx\/index.php?rest_route=\/wp\/v2\/posts\/57398\/revisions\/57399"}],"wp:featuredmedia":[{"embeddable":true,"href":"https:\/\/zonaroja.com.mx\/index.php?rest_route=\/wp\/v2\/media\/57392"}],"wp:attachment":[{"href":"https:\/\/zonaroja.com.mx\/index.php?rest_route=%2Fwp%2Fv2%2Fmedia&parent=57398"}],"wp:term":[{"taxonomy":"category","embeddable":true,"href":"https:\/\/zonaroja.com.mx\/index.php?rest_route=%2Fwp%2Fv2%2Fcategories&post=57398"},{"taxonomy":"post_tag","embeddable":true,"href":"https:\/\/zonaroja.com.mx\/index.php?rest_route=%2Fwp%2Fv2%2Ftags&post=57398"}],"curies":[{"name":"wp","href":"https:\/\/api.w.org\/{rel}","templated":true}]}}