{"id":57400,"date":"2023-07-10T08:54:27","date_gmt":"2023-07-10T13:54:27","guid":{"rendered":"http:\/\/www.zonaroja.com.mx\/?p=57400"},"modified":"2023-07-10T08:54:29","modified_gmt":"2023-07-10T13:54:29","slug":"de-que-murio-el-destacado-politico-mexicano-porfirio-munoz-ledo","status":"publish","type":"post","link":"https:\/\/zonaroja.com.mx\/?p=57400","title":{"rendered":"\u00bfDe qu\u00e9 muri\u00f3 el destacado pol\u00edtico mexicano Porfirio Mu\u00f1oz Ledo?"},"content":{"rendered":"\n<p>Redacci\u00f3n\/Zona Roja Cdmx.<\/p>\n\n\n\n<p>Ciudad de M\u00e9xico, a 10 de julio de 2023.- Este domingo, el pol\u00edtico Porfirio Mu\u00f1oz Ledo, reconocido por su trayectoria en la pol\u00edtica mexicana y su papel como fundador del Partido de la Revoluci\u00f3n Democr\u00e1tica (PRD), falleci\u00f3 a los 89 a\u00f1os de edad.<\/p>\n\n\n\n<p>La noticia del sensible deceso fue compartida a trav\u00e9s de la cuenta de Twitter del exdiputado, donde su familia expres\u00f3 su profundo dolor y tristeza, sin especificar la causa del fallecimiento, aunque se espera que en las pr\u00f3ximas horas se d\u00e9 a conocer m\u00e1s informaci\u00f3n, pues conviene recordar que en 2019 tuvo una operaci\u00f3n de la ves\u00edcula.<\/p>\n\n\n\n<p>De acuerdo a informaci\u00f3n extraoficial que consigui\u00f3 en exclusiva Infobae M\u00e9xico, el pol\u00edtico mexicano habr\u00eda fallecido de c\u00e1ncer de garganta, el cual presuntamente fue diagnosticado tan s\u00f3lo una semana y media antes de que el pol\u00edtico muriera.<\/p>\n\n\n\n<p>Asimismo, la misma fuente coment\u00f3 a este medio de comunicaci\u00f3n que el pol\u00edtico, al conocer la gravedad de su diagn\u00f3stico, pidi\u00f3 a los m\u00e9dicos salir del hospital y retirarse a su hogar, petici\u00f3n que fue atendida. Infobae M\u00e9xico ha tratado de localizar a la familia para corroborar el diagn\u00f3stico; sin embargo, hasta el momento, no se ha recibido respuesta.<\/p>\n\n\n\n<p>Se inform\u00f3 que el pol\u00edtico ser\u00e1 enterrado y velado en el pante\u00f3n franc\u00e9s de la Ciudad de M\u00e9xico, su cuerpo habr\u00eda arribado a las 17:00 horas (tiempo del centro de M\u00e9xico), seg\u00fan se dio a conocer.<\/p>\n\n\n\n<p>LAS CONDOLENCIAS<\/p>\n\n\n\n<p>Tras conocerse la noticia, numerosos pol\u00edticos y amigos de Mu\u00f1oz Ledo expresaron su pesar y enviaron sus condolencias a la familia.<\/p>\n\n\n\n<p>A trav\u00e9s de un tuit, Felipe Calder\u00f3n lament\u00f3 el fallecimiento de Mu\u00f1oz Ledo y destac\u00f3 la labor conjunta que realizaron en la oposici\u00f3n, encabezando Acci\u00f3n Nacional y el PRD, respectivamente, en la Reforma Constitucional, que permiti\u00f3 la transici\u00f3n hacia la democracia, con la creaci\u00f3n del Instituto Federal Electoral (IFE), actualmente conocido como el Instituto Nacional Electoral (INE), as\u00ed como la regulaci\u00f3n de las campa\u00f1as pol\u00edticas.<\/p>\n\n\n\n<p>Jes\u00fas Zambrano, presidente del PRD, comparti\u00f3 para Milenio Televisi\u00f3n algunos detalles sobre la \u00faltimas vez que convivi\u00f3 con \u00e9l, dejando entrever c\u00f3mo pudieron ser sus \u00faltimos d\u00edas: \u201cQuedamos en buscarnos, en vernos, pero ya no fue posible porque ten\u00eda dificultades para salir y andar con la libertad de movimiento que impone el no estar plenos de salud\u201d.<\/p>\n\n\n\n<p>Porfirio Mu\u00f1oz Ledo desempe\u00f1\u00f3 diversos roles a lo largo de su extensa carrera pol\u00edtica. Adem\u00e1s de ser presidente del PRI y fundador del PRD, tambi\u00e9n fue miembro activo de Morena, partido por el cual ocup\u00f3 el cargo de diputado federal hasta agosto de 2021.<\/p>\n\n\n\n<p>LARGA TRAYECTORIA<\/p>\n\n\n\n<p>Durante los sexenios de Jos\u00e9 L\u00f3pez Portillo y Luis Echeverr\u00eda, Mu\u00f1oz Ledo ocup\u00f3 varios puestos en el Gobierno Federal, demostrando su dedicaci\u00f3n y compromiso con el servicio p\u00fablico.<\/p>\n\n\n\n<p>Asimismo, fungi\u00f3 como senador por el entonces Distrito Federal, diputado en el Congreso de la Ciudad de M\u00e9xico y presidente de la Mesa Directiva de la C\u00e1mara de Diputados.<\/p>\n\n\n\n<p>La figura pol\u00edtica de Porfirio Mu\u00f1oz Ledo ha sido ampliamente reconocida en la historia de M\u00e9xico. Desde su participaci\u00f3n en diversos partidos pol\u00edticos hasta su papel en momentos clave de la democracia mexicana, su legado ha dejado una marca imborrable en el \u00e1mbito pol\u00edtico del pa\u00eds.<\/p>\n\n\n\n<p>Mu\u00f1oz Ledo inici\u00f3 su carrera pol\u00edtica en la d\u00e9cada de 1960 y desde entonces ha ocupado diversos cargos de relevancia. Antes de fundar el Movimiento Regeneraci\u00f3n Nacional (Morena) y el Partido de la Revoluci\u00f3n Democr\u00e1tica (PRD), fue presidente del Partido Revolucionario Institucional (PRI) y coordin\u00f3 la campa\u00f1a electoral de dicho partido en 1975.<\/p>\n\n\n\n<p>En 1988, presidi\u00f3 la Corriente Democr\u00e1tica, que m\u00e1s tarde se convirti\u00f3 en el Frente Democr\u00e1tico Nacional. Tambi\u00e9n ocup\u00f3 la presidencia del PRD entre 1993 y 1996. En 1999, fund\u00f3 el Movimiento Ciudadano Opci\u00f3n Nueva Rep\u00fablica, ampliando a\u00fan m\u00e1s su trayectoria pol\u00edtica.<\/p>\n\n\n\n<p>Cabe destacar que Mu\u00f1oz Ledo fue candidato presidencial en el a\u00f1o 2000 por el Partido Aut\u00e9ntico de la Revoluci\u00f3n Mexicana (PARM).<\/p>\n\n\n\n<p>Sin embargo, semanas antes de las elecciones, declin\u00f3 a favor de Vicente Fox Quesada, candidato de la Alianza por el Cambio, conformada por el Partido Acci\u00f3n Nacional (PAN) y el Partido Verde Ecologista de M\u00e9xico (PVEM). Posteriormente, de 2001 a 2004, fue nombrado embajador de M\u00e9xico ante la Uni\u00f3n Europea.<\/p>\n\n\n\n<p>Uno de los momentos m\u00e1s pol\u00e9micos en la carrera de Porfirio Mu\u00f1oz Ledo fue durante el sexto informe de gobierno de Miguel de la Madrid en 1988.<\/p>\n\n\n\n<p>Durante el evento, Mu\u00f1oz Ledo y otros legisladores, como Leonel Godoy y Pablo G\u00f3mez, protestaron gritando \u201c\u00a1Repudio total al fraude electoral!\u201d, en referencia a los resultados de las elecciones presidenciales de ese a\u00f1o, que generaron acusaciones de fraude electoral.<\/p>\n\n\n\n<p>En medio de tensiones y protestas, De la Madrid present\u00f3 su informe frente al Congreso, siendo interrumpido alrededor de 12 veces, algo in\u00e9dito en los informes presidenciales. Ante la negaci\u00f3n de la Mesa Directiva de darles la palabra para interpelar al presidente, los legisladores de oposici\u00f3n abandonaron la sala.<\/p>\n\n\n\n<p>Miguel de la Madrid gobern\u00f3 M\u00e9xico de 1982 a 1988 y falleci\u00f3 en abril de 2012 a los 77 a\u00f1os. Porfirio Mu\u00f1oz Ledo, por su parte, anunci\u00f3 su retiro de la Mesa Directiva de la C\u00e1mara Baja en septiembre de 2019, dejando atr\u00e1s una trayectoria pol\u00edtica llena de momentos destacados y controversiales.<\/p>\n","protected":false},"excerpt":{"rendered":"<p>Redacci\u00f3n\/Zona Roja Cdmx. Ciudad de M\u00e9xico, a 10 de julio de 2023.- Este domingo, el&hellip;<\/p>\n","protected":false},"author":2,"featured_media":57395,"comment_status":"closed","ping_status":"open","sticky":false,"template":"","format":"standard","meta":{"_lmt_disableupdate":"","_lmt_disable":"","_jetpack_memberships_contains_paid_content":false,"footnotes":""},"categories":[109,47],"tags":[2135],"class_list":["post-57400","post","type-post","status-publish","format-standard","has-post-thumbnail","hentry","category-minuto-a-minuto","category-zona-gris","tag-porfirio-munoz-ledo"],"jetpack_featured_media_url":"https:\/\/zonaroja.com.mx\/wp-content\/uploads\/2023\/07\/Porfirio-Munoz-Ledo.jpg","jetpack_sharing_enabled":true,"_links":{"self":[{"href":"https:\/\/zonaroja.com.mx\/index.php?rest_route=\/wp\/v2\/posts\/57400","targetHints":{"allow":["GET"]}}],"collection":[{"href":"https:\/\/zonaroja.com.mx\/index.php?rest_route=\/wp\/v2\/posts"}],"about":[{"href":"https:\/\/zonaroja.com.mx\/index.php?rest_route=\/wp\/v2\/types\/post"}],"author":[{"embeddable":true,"href":"https:\/\/zonaroja.com.mx\/index.php?rest_route=\/wp\/v2\/users\/2"}],"replies":[{"embeddable":true,"href":"https:\/\/zonaroja.com.mx\/index.php?rest_route=%2Fwp%2Fv2%2Fcomments&post=57400"}],"version-history":[{"count":1,"href":"https:\/\/zonaroja.com.mx\/index.php?rest_route=\/wp\/v2\/posts\/57400\/revisions"}],"predecessor-version":[{"id":57401,"href":"https:\/\/zonaroja.com.mx\/index.php?rest_route=\/wp\/v2\/posts\/57400\/revisions\/57401"}],"wp:featuredmedia":[{"embeddable":true,"href":"https:\/\/zonaroja.com.mx\/index.php?rest_route=\/wp\/v2\/media\/57395"}],"wp:attachment":[{"href":"https:\/\/zonaroja.com.mx\/index.php?rest_route=%2Fwp%2Fv2%2Fmedia&parent=57400"}],"wp:term":[{"taxonomy":"category","embeddable":true,"href":"https:\/\/zonaroja.com.mx\/index.php?rest_route=%2Fwp%2Fv2%2Fcategories&post=57400"},{"taxonomy":"post_tag","embeddable":true,"href":"https:\/\/zonaroja.com.mx\/index.php?rest_route=%2Fwp%2Fv2%2Ftags&post=57400"}],"curies":[{"name":"wp","href":"https:\/\/api.w.org\/{rel}","templated":true}]}}