{"id":57402,"date":"2023-07-10T15:03:00","date_gmt":"2023-07-10T20:03:00","guid":{"rendered":"http:\/\/www.zonaroja.com.mx\/?p=57402"},"modified":"2023-07-10T09:11:19","modified_gmt":"2023-07-10T14:11:19","slug":"la-onu-exhorta-al-estado-mexicano-a-redoblar-esfuerzos-contra-la-impunidad","status":"publish","type":"post","link":"https:\/\/zonaroja.com.mx\/?p=57402","title":{"rendered":"La ONU exhorta al Estado mexicano a redoblar esfuerzos contra la impunidad"},"content":{"rendered":"\n<p>Redacci\u00f3n\/Zona Roja.<\/p>\n\n\n\n<p>Oaxaca de Ju\u00e1rez, Oax., a 10 de julio de 2023.- La Relator\u00eda Especial de la Organizaci\u00f3n de Naciones Unidas (ONU) sobre los Derechos Humanos de los Desplazados Internos llam\u00f3 al Estado mexicano a redoblar esfuerzos en la lucha contra la impunidad, puesto que perpet\u00faa la inseguridad e impide el retorno de los afectados a sus lugares de origen.<\/p>\n\n\n\n<p>En su informe sobre su visita a M\u00e9xico \u2013en septiembre de 2022\u2013, presentado ante el Consejo de Derechos Humanos de la ONU, se\u00f1al\u00f3 que buena parte de los desplazamientos en el pa\u00eds han sido ocasionados por los altos niveles de violencia de los grupos delincuenciales y paramilitares e incluso agentes del Estado.<\/p>\n\n\n\n<p>Adem\u00e1s, expuso que en la visita de la ex relatora Cecilia Jim\u00e9nez-Damary, personas desplazadas internas, representantes de pueblos ind\u00edgenas y organizaciones civiles describieron casos vinculados a desapariciones, violencia sexual, violencia por raz\u00f3n del g\u00e9nero, feminicidios, homicidios, masacres, reclutamiento, trabajo forzado o extorsiones, entre otros.<\/p>\n\n\n\n<p>En el documento, que es una ampliaci\u00f3n sobre lo que inform\u00f3 el 9 de septiembre en M\u00e9xico, indic\u00f3 que los grupos de la delincuencia organizada y paramilitares \u201cact\u00faan sobre todo en zonas en las que es patente la ausencia del Estado y prevalece la impunidad\u201d. Lo anterior, agreg\u00f3, se traduce en una falta de confianza en las autoridades en general, y particularmente en el sistema de justicia criminal.<\/p>\n\n\n\n<p>PRESUNTA COLUSI\u00d3N<\/p>\n\n\n\n<p>Refiri\u00f3 que en 2020, la probabilidad de que un delito fuera denunciado y resuelto descendi\u00f3 a 1.04 por ciento. \u201cEsta situaci\u00f3n obstaculiza el acceso a la justicia\u201d. Advirti\u00f3 que incluso hay diversas denuncias sobre la \u201cpresunta colusi\u00f3n de grupos de delincuencia organizada con instituciones gubernamentales, principalmente a nivel municipal\u201d.<\/p>\n\n\n\n<p>La entonces relatora tambi\u00e9n constat\u00f3 el desplazamiento interno causado por planes y proyectos de desarrollo relacionados con la miner\u00eda, la tala, la extracci\u00f3n de hidrocarburos, la construcci\u00f3n de presas y el turismo, incluido el Tren Maya, una de las obras insignias del gobierno.<\/p>\n\n\n\n<p>Otra causal, explic\u00f3, es el cambio clim\u00e1tico y puso de ejemplo lo que sucede en la comunidad pesquera de El Bosque, en Tabasco, con la erosi\u00f3n marina, donde \u201cdecenas de personas han perdido sus propiedades\u201d.<\/p>\n\n\n\n<p>Detall\u00f3 que si bien M\u00e9xico no cuenta con cifras nacionales oficiales, seg\u00fan datos de la sociedad civil hasta diciembre de 2021 se estimaban m\u00e1s de 379 mil 322 desplazados internos. Enfatiz\u00f3 que este fen\u00f3meno afecta mayoritariamente a los pueblos ind\u00edgenas.<\/p>\n\n\n\n<p>Frente a este contexto, Jim\u00e9nez-Damary y Paula Gaviria, actual relatora especial, se pronunciaron por que M\u00e9xico adopte la ley general sobre el desplazamiento interno \u201csin m\u00e1s demora\u201d, as\u00ed como que genere registros que identifiquen y atiendan las necesidades de esta poblaci\u00f3n.<\/p>\n\n\n\n<p>De igual manera, la ONU resalt\u00f3 la importancia de la puesta en pr\u00e1ctica de una estrategia integral en todas las etapas del desplazamiento, la cual requiere un esfuerzo institucional \u201carticulado, simult\u00e1neo y permanente\u201d.<\/p>\n\n\n\n<p>La Relator\u00eda Especial tambi\u00e9n llam\u00f3 a fortalecer a las instituciones de procuraci\u00f3n de justicia.<\/p>\n","protected":false},"excerpt":{"rendered":"<p>Redacci\u00f3n\/Zona Roja. Oaxaca de Ju\u00e1rez, Oax., a 10 de julio de 2023.- La Relator\u00eda Especial&hellip;<\/p>\n","protected":false},"author":2,"featured_media":57403,"comment_status":"closed","ping_status":"open","sticky":false,"template":"","format":"standard","meta":{"_lmt_disableupdate":"","_lmt_disable":"","_jetpack_memberships_contains_paid_content":false,"footnotes":""},"categories":[109,47],"tags":[],"class_list":["post-57402","post","type-post","status-publish","format-standard","has-post-thumbnail","hentry","category-minuto-a-minuto","category-zona-gris"],"jetpack_featured_media_url":"https:\/\/zonaroja.com.mx\/wp-content\/uploads\/2023\/07\/ONU-Naciones-Unidas.jpeg","jetpack_sharing_enabled":true,"_links":{"self":[{"href":"https:\/\/zonaroja.com.mx\/index.php?rest_route=\/wp\/v2\/posts\/57402","targetHints":{"allow":["GET"]}}],"collection":[{"href":"https:\/\/zonaroja.com.mx\/index.php?rest_route=\/wp\/v2\/posts"}],"about":[{"href":"https:\/\/zonaroja.com.mx\/index.php?rest_route=\/wp\/v2\/types\/post"}],"author":[{"embeddable":true,"href":"https:\/\/zonaroja.com.mx\/index.php?rest_route=\/wp\/v2\/users\/2"}],"replies":[{"embeddable":true,"href":"https:\/\/zonaroja.com.mx\/index.php?rest_route=%2Fwp%2Fv2%2Fcomments&post=57402"}],"version-history":[{"count":1,"href":"https:\/\/zonaroja.com.mx\/index.php?rest_route=\/wp\/v2\/posts\/57402\/revisions"}],"predecessor-version":[{"id":57404,"href":"https:\/\/zonaroja.com.mx\/index.php?rest_route=\/wp\/v2\/posts\/57402\/revisions\/57404"}],"wp:featuredmedia":[{"embeddable":true,"href":"https:\/\/zonaroja.com.mx\/index.php?rest_route=\/wp\/v2\/media\/57403"}],"wp:attachment":[{"href":"https:\/\/zonaroja.com.mx\/index.php?rest_route=%2Fwp%2Fv2%2Fmedia&parent=57402"}],"wp:term":[{"taxonomy":"category","embeddable":true,"href":"https:\/\/zonaroja.com.mx\/index.php?rest_route=%2Fwp%2Fv2%2Fcategories&post=57402"},{"taxonomy":"post_tag","embeddable":true,"href":"https:\/\/zonaroja.com.mx\/index.php?rest_route=%2Fwp%2Fv2%2Ftags&post=57402"}],"curies":[{"name":"wp","href":"https:\/\/api.w.org\/{rel}","templated":true}]}}