{"id":57405,"date":"2023-07-10T16:48:34","date_gmt":"2023-07-10T21:48:34","guid":{"rendered":"http:\/\/www.zonaroja.com.mx\/?p=57405"},"modified":"2023-07-10T16:48:36","modified_gmt":"2023-07-10T21:48:36","slug":"se-inconforma-jara-con-paro-de-seccion-22-no-se-creara-ley-educativa-a-modo-advierte","status":"publish","type":"post","link":"https:\/\/zonaroja.com.mx\/?p=57405","title":{"rendered":"Se inconforma Jara con paro de Secci\u00f3n 22; no se crear\u00e1 ley educativa a modo, advierte"},"content":{"rendered":"\n<p>Yuridiana Sosa\/Zona Roja.<\/p>\n\n\n\n<p>Oaxaca de Ju\u00e1rez, Oax., a 10 de julio de 2023.- El gobernador de Oaxaca, Salom\u00f3n Jara Cruz, expres\u00f3 su desacuerdo con el paro de labores por parte de la Secci\u00f3n 22 del SNTE a partir del 1 de septiembre, pues se\u00f1al\u00f3 que un 70-75 por ciento de sus demandas fueron atendidas.<\/p>\n\n\n\n<p>El fin de semana, la Asamblea Estatal de la gremial determin\u00f3 el paro indefinido como medida de presi\u00f3n para el cumplimiento del 100 por ciento de sus demandas, principalmente para derogar la reforma educativa del a\u00f1o 2015, que en el \u00e1mbito estatal le quit\u00f3 el control a la Secci\u00f3n 22 del SNTE sobre asuntos administrativos.<\/p>\n\n\n\n<p>Durante la conferencia semanal de este lunes, el mandatario asegur\u00f3 que el gobierno de Oaxaca ha atendido un porcentaje importante de sus demandas, el cual consider\u00f3 del \u201c70, 75 y hasta del 80 por ciento\u201d, por lo que no est\u00e1 de acuerdo en que se califiquen como m\u00ednimos e insuficientes.<\/p>\n\n\n\n<p>\u201cRespeto la decisi\u00f3n, no estamos de acuerdo, la respetamos, no podemos intervenir en la vida interna de ning\u00fan sindicato\u201d manifest\u00f3 Jara Cruz, quien llam\u00f3 a la Secci\u00f3n adherida a la Coordinadora Nacional de Trabajadores de la Educaci\u00f3n (CNTE) a mantener el di\u00e1logo para la soluci\u00f3n de los problemas.<\/p>\n\n\n\n<p>Comprendi\u00f3 que, en la lucha social, en cualquiera de sus \u00e1mbitos las respuestas del gobierno nunca ser\u00e1n consideradas al 100 por ciento, pero en este caso, tambi\u00e9n se trata de rezagos hist\u00f3ricos.<\/p>\n\n\n\n<figure class=\"wp-block-embed is-type-rich is-provider-twitter wp-block-embed-twitter\"><div class=\"wp-block-embed__wrapper\">\n<div class=\"twitter-tweet\"><blockquote class=\"twitter-tweet\" data-lang=\"es\"><p lang=\"es\" dir=\"ltr\"><a href=\"https:\/\/twitter.com\/hashtag\/%C3%9AltimoMinuto?src=hash&amp;ref_src=twsrc%5Etfw\">#\u00daltimoMinuto<\/a><br>Respecto a la determinaci\u00f3n de la Secci\u00f3n 22 del SNTE, de iniciar en Oaxaca un paro de labores el 1 de septiembre, en conferencia de prensa el gobernador <a href=\"https:\/\/twitter.com\/salomonj?ref_src=twsrc%5Etfw\">@salomonj<\/a> expres\u00f3 su desacuerdo, pues dijo que se ha dado respuesta en un 70-75 por ciento al pliego petitorio. <a href=\"https:\/\/t.co\/57O8VMeUhT\">pic.twitter.com\/57O8VMeUhT<\/a><\/p>&mdash; Zona Roja Oaxaca (@ZonaRoja_Oaxaca) <a href=\"https:\/\/twitter.com\/ZonaRoja_Oaxaca\/status\/1678431077927464960?ref_src=twsrc%5Etfw\">10 de julio de 2023<\/a><\/blockquote><\/div>\n<\/div><\/figure>\n\n\n\n<p>\u201cNo vamos a resolver un problema que no se atendi\u00f3 por seis o 12 a\u00f1os, pero estamos en toda la voluntad. Nos dijeron que la nueva ley estatal, ah\u00ed estamos\u201d, apunt\u00f3.<\/p>\n\n\n\n<p>SIN LEY EXCLUSIVA PARA LA 22<\/p>\n\n\n\n<p>El gobernador Salom\u00f3n Jara Cruz asever\u00f3 \u201cno vamos a hacer una ley estatal para la Secci\u00f3n 22\u201d, respecto a la insistencia del grupo de echar abajo el decreto de 2015 y realizar una nueva ley estatal en la que se reconozca al Plan para la Transformaci\u00f3n de la Educaci\u00f3n de Oaxaca.<\/p>\n\n\n\n<p>\u201cLa Secci\u00f3n 22 tiene la responsabilidad de la educaci\u00f3n preescolar, primaria y secundaria, pero el estado tiene la de media superior y superior y debemos hacer una ley para toda la educaci\u00f3n en Oaxaca, no para una parte\u201d, se\u00f1al\u00f3.<\/p>\n\n\n\n<p>El mandatario insisti\u00f3 en convocar a la Secci\u00f3n 22 del SNTE al di\u00e1logo.<\/p>\n","protected":false},"excerpt":{"rendered":"<p>Yuridiana Sosa\/Zona Roja. Oaxaca de Ju\u00e1rez, Oax., a 10 de julio de 2023.- El gobernador&hellip;<\/p>\n","protected":false},"author":2,"featured_media":57407,"comment_status":"closed","ping_status":"open","sticky":false,"template":"","format":"standard","meta":{"_lmt_disableupdate":"","_lmt_disable":"","_jetpack_memberships_contains_paid_content":false,"footnotes":""},"categories":[109,46],"tags":[939],"class_list":["post-57405","post","type-post","status-publish","format-standard","has-post-thumbnail","hentry","category-minuto-a-minuto","category-zona-blanca","tag-salomon-jara-cruz"],"jetpack_featured_media_url":"https:\/\/zonaroja.com.mx\/wp-content\/uploads\/2023\/07\/Salomon-Jara-conferencia.jpeg","jetpack_sharing_enabled":true,"_links":{"self":[{"href":"https:\/\/zonaroja.com.mx\/index.php?rest_route=\/wp\/v2\/posts\/57405","targetHints":{"allow":["GET"]}}],"collection":[{"href":"https:\/\/zonaroja.com.mx\/index.php?rest_route=\/wp\/v2\/posts"}],"about":[{"href":"https:\/\/zonaroja.com.mx\/index.php?rest_route=\/wp\/v2\/types\/post"}],"author":[{"embeddable":true,"href":"https:\/\/zonaroja.com.mx\/index.php?rest_route=\/wp\/v2\/users\/2"}],"replies":[{"embeddable":true,"href":"https:\/\/zonaroja.com.mx\/index.php?rest_route=%2Fwp%2Fv2%2Fcomments&post=57405"}],"version-history":[{"count":1,"href":"https:\/\/zonaroja.com.mx\/index.php?rest_route=\/wp\/v2\/posts\/57405\/revisions"}],"predecessor-version":[{"id":57408,"href":"https:\/\/zonaroja.com.mx\/index.php?rest_route=\/wp\/v2\/posts\/57405\/revisions\/57408"}],"wp:featuredmedia":[{"embeddable":true,"href":"https:\/\/zonaroja.com.mx\/index.php?rest_route=\/wp\/v2\/media\/57407"}],"wp:attachment":[{"href":"https:\/\/zonaroja.com.mx\/index.php?rest_route=%2Fwp%2Fv2%2Fmedia&parent=57405"}],"wp:term":[{"taxonomy":"category","embeddable":true,"href":"https:\/\/zonaroja.com.mx\/index.php?rest_route=%2Fwp%2Fv2%2Fcategories&post=57405"},{"taxonomy":"post_tag","embeddable":true,"href":"https:\/\/zonaroja.com.mx\/index.php?rest_route=%2Fwp%2Fv2%2Ftags&post=57405"}],"curies":[{"name":"wp","href":"https:\/\/api.w.org\/{rel}","templated":true}]}}