{"id":57411,"date":"2023-07-10T17:10:37","date_gmt":"2023-07-10T22:10:37","guid":{"rendered":"http:\/\/www.zonaroja.com.mx\/?p=57411"},"modified":"2023-07-10T17:10:38","modified_gmt":"2023-07-10T22:10:38","slug":"grupo-armado-ingresa-a-oficina-y-ejecuta-a-funcionario-municipal-en-oaxaca","status":"publish","type":"post","link":"https:\/\/zonaroja.com.mx\/?p=57411","title":{"rendered":"Grupo armado ingresa a oficina y ejecuta a funcionario municipal en Oaxaca"},"content":{"rendered":"\n<p>Redacci\u00f3n\/Zona Roja.<\/p>\n\n\n\n<p>Oaxaca de Ju\u00e1rez, Oax., a 10 de julio de 2023.- En horario laboral y frente a trabajadores presentes, un grupo armado ingres\u00f3 a oficinas del municipio de Mat\u00edas Romero Avenda\u00f1o y ejecut\u00f3 a un funcionario municipal.<\/p>\n\n\n\n<p>Se trata de Jes\u00fas Emmanuel A., director de Servicios Municipales del ayuntamiento que preside la edil Obdulia Garc\u00eda, surgida del Partido Morena.<\/p>\n\n\n\n<p>Hasta ahora no se ha revelado el m\u00f3vil del crimen, perpetrado con armas de grueso calibre, por lo cual la Vicefiscal\u00eda Regional del Istmo inici\u00f3 las indagatorias correspondientes.<\/p>\n\n\n\n<p>Apenas la semana pasada, un grupo delictivo coloc\u00f3 en ese municipio una \u201cnarcomanta\u201d, en que se\u00f1alaba a funcionarios del ayuntamiento de diversos il\u00edcitos y lanzaba advertencias.<\/p>\n\n\n\n<p>Pese a que un elemento de la Secretar\u00eda de Marina tiene el mando de la polic\u00eda municipal, hasta el momento las autoridades locales han sido rebasadas cotidianamente por actos del crimen organizado.<\/p>\n\n\n\n<figure class=\"wp-block-embed is-type-rich is-provider-twitter wp-block-embed-twitter\"><div class=\"wp-block-embed__wrapper\">\n<div class=\"twitter-tweet\"><blockquote class=\"twitter-tweet\" data-lang=\"es\"><p lang=\"es\" dir=\"ltr\"><a href=\"https:\/\/twitter.com\/hashtag\/OaxacaRojo?src=hash&amp;ref_src=twsrc%5Etfw\">#OaxacaRojo<\/a><br>Terrible violencia en <a href=\"https:\/\/twitter.com\/hashtag\/Oaxaca?src=hash&amp;ref_src=twsrc%5Etfw\">#Oaxaca<\/a>:<br>Esta ma\u00f1ana, ante la presencia de trabajadores, sujetos armados ingresaron a las oficinas de los Servicios Municipales en Mat\u00edas Romero y mataron al director, Jes\u00fas Emmanuel A., de 27 a\u00f1os.<br>Apenas hace tres d\u00edas, hab\u00edan colocado una\u2026 <a href=\"https:\/\/t.co\/8n82jfy6u4\">pic.twitter.com\/8n82jfy6u4<\/a><\/p>&mdash; Zona Roja Oaxaca (@ZonaRoja_Oaxaca) <a href=\"https:\/\/twitter.com\/ZonaRoja_Oaxaca\/status\/1678455265325195277?ref_src=twsrc%5Etfw\">10 de julio de 2023<\/a><\/blockquote><\/div>\n<\/div><\/figure>\n\n\n\n<p>Por su parte, la Fiscal\u00eda General del Estado de Oaxaca emiti\u00f3 hoy un comunicado de prensa, en que dio a conocer que inici\u00f3 una carpeta de investigaci\u00f3n por el delito de homicidio calificado con ventaja cometido contra una persona del sexo masculino identificada con las iniciales J.E.A., quien se desempe\u00f1aba como Director de Servicios Municipales de Mat\u00edas Romero Avenda\u00f1o.&nbsp;<\/p>\n\n\n\n<p>\u201cDe acuerdo con las primeras investigaciones, la v\u00edctima se encontraba en su oficina cuando fue agredida con disparos de armas de fuego, ocasion\u00e1ndole lesiones que le privaron de la vida.<\/p>\n\n\n\n<p>\u201cLuego de tener conocimiento de los hechos, un equipo multidisciplinario de Alto Impacto de la Vicefiscal\u00eda Regional del Istmo se traslad\u00f3 al lugar para llevar a cabo las diligencias correspondientes e iniciar con los trabajos que permitan establecer s\u00f3lidas l\u00edneas de investigaci\u00f3n que permitan dar con quien o quienes resulten responsables de la comisi\u00f3n de este delito.<\/p>\n\n\n\n<p>\u201cLa Fiscal\u00eda de Oaxaca reitera el compromiso de procurar justicia para las v\u00edctimas directas e indirectas de delitos de alto impacto, para promover el acceso a la justicia, adem\u00e1s de garantizar la paz social en las diferentes regiones de la entidad\u201d, destac\u00f3.<\/p>\n\n\n\n<p>El ayuntamiento de ese municipio ubicado en la zona norte del Istmo de Tehuantepec no ha emitido ning\u00fan posicionamiento al respecto.<\/p>\n","protected":false},"excerpt":{"rendered":"<p>Redacci\u00f3n\/Zona Roja. Oaxaca de Ju\u00e1rez, Oax., a 10 de julio de 2023.- En horario laboral&hellip;<\/p>\n","protected":false},"author":2,"featured_media":57412,"comment_status":"closed","ping_status":"open","sticky":false,"template":"","format":"standard","meta":{"_lmt_disableupdate":"","_lmt_disable":"","_jetpack_memberships_contains_paid_content":false,"footnotes":""},"categories":[109,51],"tags":[228],"class_list":["post-57411","post","type-post","status-publish","format-standard","has-post-thumbnail","hentry","category-minuto-a-minuto","category-zona-roja","tag-matias-romero-avendano"],"jetpack_featured_media_url":"https:\/\/zonaroja.com.mx\/wp-content\/uploads\/2023\/07\/Ejecutado-funcionario-Matias-Romero.jpeg","jetpack_sharing_enabled":true,"_links":{"self":[{"href":"https:\/\/zonaroja.com.mx\/index.php?rest_route=\/wp\/v2\/posts\/57411","targetHints":{"allow":["GET"]}}],"collection":[{"href":"https:\/\/zonaroja.com.mx\/index.php?rest_route=\/wp\/v2\/posts"}],"about":[{"href":"https:\/\/zonaroja.com.mx\/index.php?rest_route=\/wp\/v2\/types\/post"}],"author":[{"embeddable":true,"href":"https:\/\/zonaroja.com.mx\/index.php?rest_route=\/wp\/v2\/users\/2"}],"replies":[{"embeddable":true,"href":"https:\/\/zonaroja.com.mx\/index.php?rest_route=%2Fwp%2Fv2%2Fcomments&post=57411"}],"version-history":[{"count":1,"href":"https:\/\/zonaroja.com.mx\/index.php?rest_route=\/wp\/v2\/posts\/57411\/revisions"}],"predecessor-version":[{"id":57413,"href":"https:\/\/zonaroja.com.mx\/index.php?rest_route=\/wp\/v2\/posts\/57411\/revisions\/57413"}],"wp:featuredmedia":[{"embeddable":true,"href":"https:\/\/zonaroja.com.mx\/index.php?rest_route=\/wp\/v2\/media\/57412"}],"wp:attachment":[{"href":"https:\/\/zonaroja.com.mx\/index.php?rest_route=%2Fwp%2Fv2%2Fmedia&parent=57411"}],"wp:term":[{"taxonomy":"category","embeddable":true,"href":"https:\/\/zonaroja.com.mx\/index.php?rest_route=%2Fwp%2Fv2%2Fcategories&post=57411"},{"taxonomy":"post_tag","embeddable":true,"href":"https:\/\/zonaroja.com.mx\/index.php?rest_route=%2Fwp%2Fv2%2Ftags&post=57411"}],"curies":[{"name":"wp","href":"https:\/\/api.w.org\/{rel}","templated":true}]}}