{"id":57414,"date":"2023-07-10T21:10:55","date_gmt":"2023-07-11T02:10:55","guid":{"rendered":"http:\/\/www.zonaroja.com.mx\/?p=57414"},"modified":"2023-07-10T21:10:56","modified_gmt":"2023-07-11T02:10:56","slug":"justicia-y-cese-de-la-violencia-exigen-periodistas-de-oaxaca","status":"publish","type":"post","link":"https:\/\/zonaroja.com.mx\/?p=57414","title":{"rendered":"Justicia y cese de la violencia, exigen periodistas de Oaxaca"},"content":{"rendered":"\n<p>Yuridiana Sosa\/Zona Roja.<\/p>\n\n\n\n<p>Oaxaca de Ju\u00e1rez, Oax., a 10 de julio de 2023.- Una vez m\u00e1s, tras el asesinato del periodista Luis Mart\u00edn S\u00e1nchez, de \u201cLa Jornada\u201d en Tepic, Nayarit, el gremio period\u00edstico de Oaxaca alz\u00f3 la voz para exigir al gobierno de M\u00e9xico justicia y un alto a las agresiones contra los comunicadores.<\/p>\n\n\n\n<p>Los trabajadores de medios informativos manifestaron su preocupaci\u00f3n por el aumento a gran escala de la violencia contra este gremio en M\u00e9xico, de la cual la entidad no es la excepci\u00f3n.<\/p>\n\n\n\n<p>Desde la explanada del templo de Santo Domingo de Guzm\u00e1n, los periodistas de la capital oaxaque\u00f1a y corresponsales de diversos medios nacionales tambi\u00e9n guardaron un minuto de silencio por Mart\u00edn S\u00e1nchez.<\/p>\n\n\n\n<p>El responsable de la agencia de noticias ZONA ROJA en Oaxaca, Ismael Garc\u00eda, conden\u00f3 los actos contra compa\u00f1eros de Guerrero, Nayarit y Veracruz, donde el nivel de violencia es extremo, mientras que no existen garant\u00edas para que el gremio ejerza con libertad.<\/p>\n\n\n\n<p>Antes de su asesinato, Luis Mart\u00edn S\u00e1nchez fue reportado como desaparecido el pasado 5 de julio; a \u00e9l tambi\u00e9n le robaron su equipo de trabajo en su oficina. En tanto que su cuerpo present\u00f3 huellas de tortura.<\/p>\n\n\n\n<p>Mientras que, en Nayarit, record\u00f3 que sigue desaparecido el periodista Osiris Maldonado de la Paz, visto por \u00faltima vez el 3 de julio en Tepic. Tambi\u00e9n desapareci\u00f3 Jonathan Lora Ram\u00edrez, presuntamente por parte de un grupo armado; apareci\u00f3 con vida el s\u00e1bado pasado.<\/p>\n\n\n\n<p>En la poblaci\u00f3n de Nanchital, Veracruz, el 6 de julio desapareci\u00f3 el fotoperiodista Juan Carlos Hinojosa Viveros y en Chilpancingo, Guerrero, la noche del pasado viernes sujetos desconocidos ingresaron a robar al domicilio del reportero Alberto G\u00f3mez. En esa ciudad suman al menos otros siete casos similares, denunci\u00f3 el Sindicato Nacional de Redactores de Prensa.<\/p>\n\n\n\n<p>El periodista Pedro Mat\u00edas, corresponsal de \u201cProceso\u201d, alert\u00f3 a la sociedad que con estos actos contra los medios de comunicaci\u00f3n se est\u00e1 silenciando a la sociedad y cuando eso pase los derechos de la ciudadan\u00eda no podr\u00e1n ser escuchados.<\/p>\n\n\n\n<p>\u201cNo queremos que el pa\u00eds termine silenciado, el llamado es para que la sociedad sea emp\u00e1tica y tambi\u00e9n exija el cese a las agresiones a los periodistas. Esto es una luz roja que dice \u2018sociedad despierta\u2019\u201d, apunt\u00f3.<\/p>\n\n\n\n<figure class=\"wp-block-embed is-type-rich is-provider-twitter wp-block-embed-twitter\"><div class=\"wp-block-embed__wrapper\">\n<div class=\"twitter-tweet\"><blockquote class=\"twitter-tweet\" data-lang=\"es\"><p lang=\"es\" dir=\"ltr\">En la regi\u00f3n del Istmo de Tehuantepec hubo tambi\u00e9n protesta por la violencia contra periodistas en Nayarit, Guerrero, Veracruz y Oaxaca, donde han ocurrido recientemente hechos. <a href=\"https:\/\/t.co\/AjXTmcSA7w\">pic.twitter.com\/AjXTmcSA7w<\/a><\/p>&mdash; Zona Roja Oaxaca (@ZonaRoja_Oaxaca) <a href=\"https:\/\/twitter.com\/ZonaRoja_Oaxaca\/status\/1678557752073805826?ref_src=twsrc%5Etfw\">11 de julio de 2023<\/a><\/blockquote><\/div>\n<\/div><\/figure>\n\n\n\n<p>Por su parte el fotoperiodista y corresponsal de \u201cLa Jornada\u201d, Arturo P\u00e9rez, record\u00f3 tambi\u00e9n a los colegas asesinados Miroslava Breach y Javier Valdez en 2017. Por ellos y otros compa\u00f1eros exigi\u00f3 justicia con castigo no s\u00f3lo para los autores materiales, tambi\u00e9n para los intelectuales de los cr\u00edmenes.<\/p>\n\n\n\n<p>EN OAXACA<\/p>\n\n\n\n<p>Las agresiones en Oaxaca contra los periodistas se registran hasta por parte de los servidores p\u00fablicos, como fue el caso del reportero Jes\u00fas Cruz, del portal \u201cOaxaca Hoy\u201d, a quien un elemento de la Polic\u00eda Estatal lo amenaz\u00f3 con detenerlos, sin motivo.<\/p>\n\n\n\n<p>Ocurri\u00f3 el pasado 7 de julio durante un operativo policiaco en la agencia de San Mart\u00edn Mexicapam, de la ciudad de Oaxaca, cuando el uniformado trat\u00f3 de intimidar y acusar, sin fundamento, de volar un dron en una zona acordonada.<\/p>\n\n\n\n<p>Sobre el hecho, Ismael Garc\u00eda se\u00f1al\u00f3 que es reprobable que el gobierno de Oaxaca no fije posicionamientos formales al respecto, ignorando, aparentemente, la situaci\u00f3n.<\/p>\n\n\n\n<p>El periodista insisti\u00f3 en que es imprescindible la muestra del respeto a su labor, a sus derechos. \u201cNo pedimos convenios, y los haya o no, no deber\u00eda haber agresiones a los compa\u00f1eros\u201d, se\u00f1al\u00f3.<\/p>\n\n\n\n<p>En la regi\u00f3n del Istmo de Tehuantepec tambi\u00e9n hubo una manifestaci\u00f3n pac\u00edfica de trabajadores de medios informativos, tambi\u00e9n para exigir respeto a la prensa y a la libertad de expresi\u00f3n.<\/p>\n\n\n\n<p>Este a\u00f1o tambi\u00e9n se han registrado agresiones contra otros reporteros, como el caso de la periodista oaxaque\u00f1a Carina Garc\u00eda, que en abril denunci\u00f3 al asesor pol\u00edtico del ayuntamiento de Villa de Mitla, Doroteo Garc\u00eda, alias \u201cEl Morro\u201d, por emprender una campa\u00f1a de odio en su contra por ejercer su labor.<\/p>\n\n\n\n<p>Ese mismo mes, el reportero Alain Albarr\u00e1n Granados, reportero de la estaci\u00f3n de radio Poderosa 100.5 F.M. y corresponsal del diario el Imparcial de Oaxaca, fue golpeado brutalmente.<\/p>\n\n\n\n<p>Por ambos casos, con denuncias formales en la Fiscal\u00eda de Oaxaca, no existe justicia.<\/p>\n","protected":false},"excerpt":{"rendered":"<p>Yuridiana Sosa\/Zona Roja. Oaxaca de Ju\u00e1rez, Oax., a 10 de julio de 2023.- Una vez&hellip;<\/p>\n","protected":false},"author":2,"featured_media":57406,"comment_status":"closed","ping_status":"open","sticky":false,"template":"","format":"standard","meta":{"_lmt_disableupdate":"","_lmt_disable":"","_jetpack_memberships_contains_paid_content":false,"footnotes":""},"categories":[46],"tags":[1396],"class_list":["post-57414","post","type-post","status-publish","format-standard","has-post-thumbnail","hentry","category-zona-blanca","tag-agresion-a-periodistas-oaxaca"],"jetpack_featured_media_url":"https:\/\/zonaroja.com.mx\/wp-content\/uploads\/2023\/07\/Protesta-periodistas-Oaxaca-capital.jpg","jetpack_sharing_enabled":true,"_links":{"self":[{"href":"https:\/\/zonaroja.com.mx\/index.php?rest_route=\/wp\/v2\/posts\/57414","targetHints":{"allow":["GET"]}}],"collection":[{"href":"https:\/\/zonaroja.com.mx\/index.php?rest_route=\/wp\/v2\/posts"}],"about":[{"href":"https:\/\/zonaroja.com.mx\/index.php?rest_route=\/wp\/v2\/types\/post"}],"author":[{"embeddable":true,"href":"https:\/\/zonaroja.com.mx\/index.php?rest_route=\/wp\/v2\/users\/2"}],"replies":[{"embeddable":true,"href":"https:\/\/zonaroja.com.mx\/index.php?rest_route=%2Fwp%2Fv2%2Fcomments&post=57414"}],"version-history":[{"count":1,"href":"https:\/\/zonaroja.com.mx\/index.php?rest_route=\/wp\/v2\/posts\/57414\/revisions"}],"predecessor-version":[{"id":57415,"href":"https:\/\/zonaroja.com.mx\/index.php?rest_route=\/wp\/v2\/posts\/57414\/revisions\/57415"}],"wp:featuredmedia":[{"embeddable":true,"href":"https:\/\/zonaroja.com.mx\/index.php?rest_route=\/wp\/v2\/media\/57406"}],"wp:attachment":[{"href":"https:\/\/zonaroja.com.mx\/index.php?rest_route=%2Fwp%2Fv2%2Fmedia&parent=57414"}],"wp:term":[{"taxonomy":"category","embeddable":true,"href":"https:\/\/zonaroja.com.mx\/index.php?rest_route=%2Fwp%2Fv2%2Fcategories&post=57414"},{"taxonomy":"post_tag","embeddable":true,"href":"https:\/\/zonaroja.com.mx\/index.php?rest_route=%2Fwp%2Fv2%2Ftags&post=57414"}],"curies":[{"name":"wp","href":"https:\/\/api.w.org\/{rel}","templated":true}]}}