{"id":57416,"date":"2023-07-10T22:43:39","date_gmt":"2023-07-11T03:43:39","guid":{"rendered":"http:\/\/www.zonaroja.com.mx\/?p=57416"},"modified":"2023-07-10T22:43:41","modified_gmt":"2023-07-11T03:43:41","slug":"crisis-social-imparable-protestas-y-bloqueos-en-istmo-cuenca-y-valles","status":"publish","type":"post","link":"https:\/\/zonaroja.com.mx\/?p=57416","title":{"rendered":"Crisis social imparable: protestas y bloqueos en Istmo, Cuenca y Valles"},"content":{"rendered":"\n<p>Yuridiana Sosa\/Zona Roja.<\/p>\n\n\n\n<p>Oaxaca de Ju\u00e1rez, Oax., a 10 de julio de 2023.- Protestas, incendio de veh\u00edculos, enfrentamientos, marchas y bloqueos se registraron este inicio de semana en las regiones de la Cuenca, Istmo y Valles Centrales por parte de trabajadores del estado, organizaciones y ciudadanos que denuncian incumplimiento de atenci\u00f3n y de compromisos con sus demandas. &nbsp;<\/p>\n\n\n\n<p>Personal de la Jurisdicci\u00f3n Sanitaria 03, de los Servicios de Salud de Oaxaca, adheridos a la Secci\u00f3n 35 del Sindicato Nacional de Trabajadores de Salud (SNTSA) march\u00f3 e inici\u00f3 un paro de labores en hospitales y centros de trabajo de la regi\u00f3n de la Cuenca.<\/p>\n\n\n\n<p>La movilizaci\u00f3n masiva regional se llev\u00f3 a cabo en San Juan Bautista Tuxtepec, donde los trabajadores mantienen un paro de labores en el Hospital General de los SSO, desde el pasado 28 de junio.<\/p>\n\n\n\n<p>En el resto de las unidades laborales se activ\u00f3 un paro de 24 horas y para el pr\u00f3ximo mi\u00e9rcoles 12 comenzar\u00e1n un paro de 48 horas de no obtener las atenciones a sus demandas, varias de estos compromisos pactados en minutas de acuerdo de mayo y del pasado 14 y 15 de junio.<\/p>\n\n\n\n<p>La Secci\u00f3n 35 del SNTSA exige al gobierno de Salom\u00f3n Jara que cumpla con el mantenimiento del Hospital General, el cual necesita reparaciones en la red de energ\u00eda el\u00e9ctrica, la red de aire acondicionado en \u00e1reas indispensables y en la red de ox\u00edgeno.<\/p>\n\n\n\n<p>Adem\u00e1s, de impermeabilizaci\u00f3n en el complejo, pues las m\u00e1s recientes lluvias volvieron a causar afectaciones en el inmueble.<\/p>\n\n\n\n<p>El compromiso del gobierno estatal fue acudir el pasado 26 de junio para realizar los trabajos correspondientes, pero no cumpli\u00f3.<\/p>\n\n\n\n<p>M\u00c1S PROTESTAS<\/p>\n\n\n\n<p>Tambi\u00e9n en la regi\u00f3n de la Cuenca, en el municipio de Valle Nacional, integrantes del Frente de Pueblos para la Transformaci\u00f3n Social, activaron un bloqueo en la carretera federal 175 Tuxtepec- Valle Nacional.<\/p>\n\n\n\n<p>La protesta se registr\u00f3 en la zona de la colonia El Castillo, donde habitantes de la comunidad de San Juan Palantla exigen a la autoridad municipal obras de pavimentaci\u00f3n.<\/p>\n\n\n\n<p>En la regi\u00f3n de Valles Centrales, integrantes de la organizaci\u00f3n Red Internacional de Ind\u00edgenas Oaxaque\u00f1os (RIIO) se manifestaron en el z\u00f3calo de la capital para exigir una mesa de di\u00e1logo con el gobernador Salom\u00f3n Jara.<\/p>\n\n\n\n<p>La organizaci\u00f3n, de la que fue dirigente el hoy senador Adolfo G\u00f3mez, quien supli\u00f3 a Jara Cruz, se\u00f1al\u00f3 que la pol\u00edtica de \u201cpuertas abiertas\u201d no se ha visto reflejada para las organizaciones, ni en el caso de las que, como RIIO, apoyaron a Salom\u00f3n Jara para llegar al poder.<\/p>\n\n\n\n<p>El l\u00edder, Jos\u00e9 Gardu\u00f1o, apunt\u00f3 que los funcionarios del gabinete no atienden, por lo que una vez m\u00e1s solicitaron por escrito una mesa de di\u00e1logo con la presencia del mandatario.<\/p>\n\n\n\n<p>Por otra parte, presuntamente un grupo de normalistas se apoder\u00f3 de la caseta de peaje Huitzo, de la supercarretera Oaxaca-Cuacnopalan, donde realizaron el cobro del paso.<\/p>\n\n\n\n<p>Pese a la presencia de la Guardia Nacional en la zona, la \u201ctoma\u201d no fue impedida y los elementos, que se encontraban a unos pasos, s\u00f3lo fueron espectadores.<\/p>\n\n\n\n<p>En tanto, una organizaci\u00f3n social identificada como Frente de Pueblos por la Transformaci\u00f3n Social cerr\u00f3 por varias horas el complejo gubernamental llamado Ciudad Judicial, en San Bartolo Coyotepec.<\/p>\n\n\n\n<p>M\u00c1S VIOLENCIA<\/p>\n\n\n\n<p>Tambi\u00e9n en el Istmo pero en Santo Domingo Tehuantepec, la violencia deton\u00f3 y dej\u00f3 de saldo preliminar un veh\u00edculo incendiado y varias personas lesionadas.<\/p>\n\n\n\n<p>Ello debido al ataque de transportistas afiliados a la organizaci\u00f3n CATEM en contra de comuneros del bario de Santa Cruz Tagolaba.<\/p>\n\n\n\n<p>Los hechos ocurrieron sobre la carretera de doble carril que comunica hacia Salina Cruz, donde los comuneros defendieron sus tierras, donde CATEM extra de manera ilegal materiales p\u00e9treos.<\/p>\n\n\n\n<p>De acuerdo con medios informativos regionales, Sergio Guti\u00e9rrez Garc\u00eda, presidente del Comisariado de Bienes Comunales de Santa Cruz Tagolaba, se\u00f1al\u00f3 a Selene Palmero, dirigente de CATEM en Tehuantepec, por orquestar el enfrentamiento.<\/p>\n\n\n\n<p>\u201cElla mand\u00f3 a su gente a provocarnos para desalojar el bloqueo, donde solo exigimos justicia y que pague por el derecho de uso de tierras comunales\u201d, declar\u00f3.<\/p>\n","protected":false},"excerpt":{"rendered":"<p>Yuridiana Sosa\/Zona Roja. Oaxaca de Ju\u00e1rez, Oax., a 10 de julio de 2023.- Protestas, incendio&hellip;<\/p>\n","protected":false},"author":2,"featured_media":57417,"comment_status":"closed","ping_status":"open","sticky":false,"template":"","format":"standard","meta":{"_lmt_disableupdate":"","_lmt_disable":"","_jetpack_memberships_contains_paid_content":false,"footnotes":""},"categories":[109,47],"tags":[2254],"class_list":["post-57416","post","type-post","status-publish","format-standard","has-post-thumbnail","hentry","category-minuto-a-minuto","category-zona-gris","tag-protestas-y-bloqueos-oaxaca"],"jetpack_featured_media_url":"https:\/\/zonaroja.com.mx\/wp-content\/uploads\/2023\/07\/Agresiones-y-balazos-CATEM-Tehuantepec.jpg","jetpack_sharing_enabled":true,"_links":{"self":[{"href":"https:\/\/zonaroja.com.mx\/index.php?rest_route=\/wp\/v2\/posts\/57416","targetHints":{"allow":["GET"]}}],"collection":[{"href":"https:\/\/zonaroja.com.mx\/index.php?rest_route=\/wp\/v2\/posts"}],"about":[{"href":"https:\/\/zonaroja.com.mx\/index.php?rest_route=\/wp\/v2\/types\/post"}],"author":[{"embeddable":true,"href":"https:\/\/zonaroja.com.mx\/index.php?rest_route=\/wp\/v2\/users\/2"}],"replies":[{"embeddable":true,"href":"https:\/\/zonaroja.com.mx\/index.php?rest_route=%2Fwp%2Fv2%2Fcomments&post=57416"}],"version-history":[{"count":1,"href":"https:\/\/zonaroja.com.mx\/index.php?rest_route=\/wp\/v2\/posts\/57416\/revisions"}],"predecessor-version":[{"id":57418,"href":"https:\/\/zonaroja.com.mx\/index.php?rest_route=\/wp\/v2\/posts\/57416\/revisions\/57418"}],"wp:featuredmedia":[{"embeddable":true,"href":"https:\/\/zonaroja.com.mx\/index.php?rest_route=\/wp\/v2\/media\/57417"}],"wp:attachment":[{"href":"https:\/\/zonaroja.com.mx\/index.php?rest_route=%2Fwp%2Fv2%2Fmedia&parent=57416"}],"wp:term":[{"taxonomy":"category","embeddable":true,"href":"https:\/\/zonaroja.com.mx\/index.php?rest_route=%2Fwp%2Fv2%2Fcategories&post=57416"},{"taxonomy":"post_tag","embeddable":true,"href":"https:\/\/zonaroja.com.mx\/index.php?rest_route=%2Fwp%2Fv2%2Ftags&post=57416"}],"curies":[{"name":"wp","href":"https:\/\/api.w.org\/{rel}","templated":true}]}}