{"id":57419,"date":"2023-07-10T23:17:56","date_gmt":"2023-07-11T04:17:56","guid":{"rendered":"http:\/\/www.zonaroja.com.mx\/?p=57419"},"modified":"2023-07-10T23:17:58","modified_gmt":"2023-07-11T04:17:58","slug":"grupo-armado-incendia-mercado-en-edomex-nueve-muertos-el-saldo","status":"publish","type":"post","link":"https:\/\/zonaroja.com.mx\/?p=57419","title":{"rendered":"Grupo armado incendia mercado en Edomex; nueve muertos, el saldo"},"content":{"rendered":"\n<p>Redacci\u00f3n\/Zona Roja Cdmx.<\/p>\n\n\n\n<p>Ciudad de M\u00e9xico, a 10 de julio de 2023.- Nueve personas murieron, producto de un ataque armado e incendio&nbsp;en la Central de Abasto de Toluca, Estado de M\u00e9xico.<\/p>\n\n\n\n<p>Cerca de las 2:30 horas de este lunes se registr\u00f3 el ingreso de sujetos armados a la nave comercial n\u00famero 7.<\/p>\n\n\n\n<p>Primeras investigaciones apuntan a que el comando realiz\u00f3 detonaciones contra las v\u00edctimas para rociar posteriormente una sustancia y prenderle fuego al \u00e1rea.<\/p>\n\n\n\n<p>Los responsables huyeron a bordo de un veh\u00edculo.<\/p>\n\n\n\n<p>La principal l\u00ednea de investigaci\u00f3n se\u00f1ala que el ataque podr\u00eda estar relacionado a conflictos internos por la posesi\u00f3n de los comercios, ya que se registraron acciones judiciales, amenazas y agresiones diversas en el sitio.<\/p>\n\n\n\n<p>La Fiscal\u00eda General de Justicia del Estado de M\u00e9xico (FGJEM) detall\u00f3 que ocho personas murieron en la Central de Abasto mientras que una m\u00e1s en un hospital.<\/p>\n\n\n\n<p>Se presume que tres de las v\u00edctimas ser\u00edan menores de edad.<\/p>\n\n\n\n<p>(Con informaci\u00f3n de L\u00f3pez-D\u00f3riga Digital)<\/p>\n","protected":false},"excerpt":{"rendered":"<p>Redacci\u00f3n\/Zona Roja Cdmx. Ciudad de M\u00e9xico, a 10 de julio de 2023.- Nueve personas murieron,&hellip;<\/p>\n","protected":false},"author":2,"featured_media":57420,"comment_status":"closed","ping_status":"open","sticky":false,"template":"","format":"standard","meta":{"_lmt_disableupdate":"","_lmt_disable":"","_jetpack_memberships_contains_paid_content":false,"footnotes":""},"categories":[109,47],"tags":[],"class_list":["post-57419","post","type-post","status-publish","format-standard","has-post-thumbnail","hentry","category-minuto-a-minuto","category-zona-gris"],"jetpack_featured_media_url":"https:\/\/zonaroja.com.mx\/wp-content\/uploads\/2023\/07\/Incendio-mercado-Toluca-Edomex.jpeg","jetpack_sharing_enabled":true,"_links":{"self":[{"href":"https:\/\/zonaroja.com.mx\/index.php?rest_route=\/wp\/v2\/posts\/57419","targetHints":{"allow":["GET"]}}],"collection":[{"href":"https:\/\/zonaroja.com.mx\/index.php?rest_route=\/wp\/v2\/posts"}],"about":[{"href":"https:\/\/zonaroja.com.mx\/index.php?rest_route=\/wp\/v2\/types\/post"}],"author":[{"embeddable":true,"href":"https:\/\/zonaroja.com.mx\/index.php?rest_route=\/wp\/v2\/users\/2"}],"replies":[{"embeddable":true,"href":"https:\/\/zonaroja.com.mx\/index.php?rest_route=%2Fwp%2Fv2%2Fcomments&post=57419"}],"version-history":[{"count":1,"href":"https:\/\/zonaroja.com.mx\/index.php?rest_route=\/wp\/v2\/posts\/57419\/revisions"}],"predecessor-version":[{"id":57421,"href":"https:\/\/zonaroja.com.mx\/index.php?rest_route=\/wp\/v2\/posts\/57419\/revisions\/57421"}],"wp:featuredmedia":[{"embeddable":true,"href":"https:\/\/zonaroja.com.mx\/index.php?rest_route=\/wp\/v2\/media\/57420"}],"wp:attachment":[{"href":"https:\/\/zonaroja.com.mx\/index.php?rest_route=%2Fwp%2Fv2%2Fmedia&parent=57419"}],"wp:term":[{"taxonomy":"category","embeddable":true,"href":"https:\/\/zonaroja.com.mx\/index.php?rest_route=%2Fwp%2Fv2%2Fcategories&post=57419"},{"taxonomy":"post_tag","embeddable":true,"href":"https:\/\/zonaroja.com.mx\/index.php?rest_route=%2Fwp%2Fv2%2Ftags&post=57419"}],"curies":[{"name":"wp","href":"https:\/\/api.w.org\/{rel}","templated":true}]}}