{"id":57422,"date":"2023-07-10T23:23:38","date_gmt":"2023-07-11T04:23:38","guid":{"rendered":"http:\/\/www.zonaroja.com.mx\/?p=57422"},"modified":"2023-07-10T23:23:40","modified_gmt":"2023-07-11T04:23:40","slug":"turba-de-cinco-mil-en-chilpancingo-se-rebela-y-ataca-a-policias-y-guardia-nacional","status":"publish","type":"post","link":"https:\/\/zonaroja.com.mx\/?p=57422","title":{"rendered":"Turba de cinco mil en Chilpancingo se rebela y ataca a polic\u00edas y Guardia Nacional"},"content":{"rendered":"\n<p>Redacci\u00f3n\/Zona Roja Cdmx.<\/p>\n\n\n\n<p>Ciudad de M\u00e9xico, a 10 de julio de 2023.- Tras la violenta jornada que se vivi\u00f3 el s\u00e1bado pasado en Chilpancingo, Guerrero, la ma\u00f1ana de este lunes 10 de julio un grupo numeroso de manifestantes bloque\u00f3 la Autopista del Sol y se enfrent\u00f3 violentamente con agentes estatales y efectivos de la Guardia Nacional.<\/p>\n\n\n\n<p>Seg\u00fan los primeros reportes, fueron aproximadamente unos 5 mil pobladores de la zona sur de Chilpancingo, como Mochitl\u00e1n, Quechultenango y Juan R. Escudero (al parecer zona de operaci\u00f3n del grupo criminal \u201cLos Ardillos\u201d); los que se enfrentaron con alrededor de 700 elementos de la Polic\u00eda Estatal y de la Guardia Nacional (GN) que se encontraban detr\u00e1s de vallas met\u00e1licas de contenci\u00f3n.<\/p>\n\n\n\n<p>El grupo de personas que pretend\u00eda llegar desde el kil\u00f3metro 278 de la carretera al Parador del Marqu\u00e9s protestaron por la detenci\u00f3n de dos dirigentes transportistas de la ruta R\u00edo Azul que fueron detenidos la semana pasada por elementos de la Polic\u00eda Estatal por presuntos delitos del fuero federal.<\/p>\n\n\n\n<p>Primeras versiones indicaron que los manifestantes habr\u00edan tomado como rehenes a dos polic\u00edas estatales, adem\u00e1s de agredir con palos, piedras y machetes un veh\u00edculo blindado tipo \u201cMamba Negra\u201d de la Polic\u00eda Estatal, as\u00ed como a los efectivos que se encontraban detr\u00e1s de los fierros utilizados como muros de contenci\u00f3n, que no consiguieron detener el paso de los protestantes hacia el Marqu\u00e9s.<\/p>\n\n\n\n<p>Los oficiales intentaron repeler la agresi\u00f3n con gas lacrim\u00f3geno, pero fueron nuevamente agredidos con piedras y palos. Algunos de los manifestantes, adem\u00e1s, golpearon a un grupo de elementos que se encontraban en el punto conocido como La Cinca, cuyo m\u00f3dulo de seguridad fue atacado tambi\u00e9n a pedradas.<\/p>\n\n\n\n<p>Los \u00faltimos reportes se\u00f1alaron que los manifestantes se introdujeron en Chilpancingo y se apoderaron de varios veh\u00edculos. Al parecer se dirigen a las instalaciones de la Fiscal\u00eda General de la Rep\u00fablica (FGR) en las que supuestamente se encuentra recluido uno de los l\u00edderes detenidos identificado como Jes\u00fas Echevarr\u00eda.<\/p>\n\n\n\n<figure class=\"wp-block-embed is-type-rich is-provider-twitter wp-block-embed-twitter\"><div class=\"wp-block-embed__wrapper\">\n<div class=\"twitter-tweet\"><blockquote class=\"twitter-tweet\" data-lang=\"es\"><p lang=\"es\" dir=\"ltr\">Escala la violencia en <a href=\"https:\/\/twitter.com\/hashtag\/Chilpancingo?src=hash&amp;ref_src=twsrc%5Etfw\">#Chilpancingo<\/a>, <a href=\"https:\/\/twitter.com\/hashtag\/Guerrero?src=hash&amp;ref_src=twsrc%5Etfw\">#Guerrero<\/a>:<br>Cientos de pobladores y supuestos transportistas enfrentan a polic\u00edas y hacen retroceder a la Guardia Nacional.<br>A\u00fan no hay n\u00famero preciso de personas fallecidas y lesionadas ni saldo final de los da\u00f1os materiales, pues contin\u00faa la\u2026 <a href=\"https:\/\/t.co\/C3y1N1w4YD\">pic.twitter.com\/C3y1N1w4YD<\/a><\/p>&mdash; Zona Roja Oaxaca (@ZonaRoja_Oaxaca) <a href=\"https:\/\/twitter.com\/ZonaRoja_Oaxaca\/status\/1678538553255514121?ref_src=twsrc%5Etfw\">10 de julio de 2023<\/a><\/blockquote><\/div>\n<\/div><\/figure>\n\n\n\n<p>VIOLENCIA EXTREMA<\/p>\n\n\n\n<p>As\u00ed se vive este lunes en Chilpancingo, luego de que el s\u00e1bado distintos hechos de violencia dejaran un saldo de cinco choferes de taxi asesinados, dos de ellos calcinados, y cinco heridos, entre ellos dos mujeres.<\/p>\n\n\n\n<p>Las autoridades se\u00f1alaron la pugna territorial entre los grupos criminales de \u201cLos Ardillos\u201d y \u201cLos Tlacos\u201d como la raz\u00f3n principal de la violencia, as\u00ed como la detenci\u00f3n el pasado jueves de un l\u00edder transportista, presuntamento cabecilla del grupo criminal \u201cLos Ardillos\u201d, porque presuntamente transportaba droga, cargadores y cartuchos.<\/p>\n\n\n\n<p>En los d\u00edas previos al estallido violento, concretamente el mi\u00e9rcoles por la ma\u00f1ana, se difundieron un video y fotograf\u00edas en las que aparece la alcaldesa Norma Otilia Hern\u00e1ndez junto a Celso Ortega, uno de los jefes de \u201cLos Ardillos\u201d.<\/p>\n\n\n\n<p>En una parte del video se escucha que la alcaldesa pregunta: \u201c\u00bfCu\u00e1l es la situaci\u00f3n? \u00bfC\u00f3mo puedo ayudarte? No me interesa a qu\u00e9 te dedicas\u201d. El presidente de M\u00e9xico, Andr\u00e9s Manuel L\u00f3pez Obrador, afirm\u00f3 en su conferencia ma\u00f1anera del viernes 7 de julio que se iba investigar a la alcaldesa y asegur\u00f3 que no habr\u00e1 impunidad y que se aplicar\u00e1 la ley \u201csea quien sea\u201d.<\/p>\n\n\n\n<p>La presidenta municipal Norma Otilia, por su parte, respondi\u00f3 este lunes a las declaraciones del presidente y dej\u00f3 en claro que no va renunciar a su cargo por los hecho violentos que re registraron el fin de semana en Chilpancingo. Incluso atribuy\u00f3 dichos episodios de violencia a \u201cfuerzas oscuras y perversas\u201d.<\/p>\n\n\n\n<p>Un informe publicado por The International Crisis Group en 2020 sobre la violencia en Guerrero indica que en el estado operan al menos 40 grupos criminales que se disputan el territorio. Entre estas c\u00e9lulas se encontrar\u00edan \u201cLos Ardillos\u201d.<\/p>\n\n\n\n<p>Su centro de operaciones se ubica en los municipios de Chilapa y Joaqu\u00edn Herrera. Al principio de su creaci\u00f3n, que se remonta hace m\u00e1s de dos d\u00e9cadas, se dedicaron al secuestro y la extorsi\u00f3n. Con el paso del tiempo incursionaron en actividades del narcotr\u00e1fico en la regi\u00f3n de La Monta\u00f1a en Guerrero.<\/p>\n\n\n\n<p>(Informaci\u00f3n de Infobae M\u00e9xico)<\/p>\n","protected":false},"excerpt":{"rendered":"<p>Redacci\u00f3n\/Zona Roja Cdmx. Ciudad de M\u00e9xico, a 10 de julio de 2023.- Tras la violenta&hellip;<\/p>\n","protected":false},"author":2,"featured_media":57423,"comment_status":"closed","ping_status":"open","sticky":false,"template":"","format":"standard","meta":{"_lmt_disableupdate":"","_lmt_disable":"","_jetpack_memberships_contains_paid_content":false,"footnotes":""},"categories":[109,47],"tags":[3607],"class_list":["post-57422","post","type-post","status-publish","format-standard","has-post-thumbnail","hentry","category-minuto-a-minuto","category-zona-gris","tag-chilpancingo-guerrero"],"jetpack_featured_media_url":"https:\/\/zonaroja.com.mx\/wp-content\/uploads\/2023\/07\/Turba-Chilpancingo-Guerrero.jpg","jetpack_sharing_enabled":true,"_links":{"self":[{"href":"https:\/\/zonaroja.com.mx\/index.php?rest_route=\/wp\/v2\/posts\/57422","targetHints":{"allow":["GET"]}}],"collection":[{"href":"https:\/\/zonaroja.com.mx\/index.php?rest_route=\/wp\/v2\/posts"}],"about":[{"href":"https:\/\/zonaroja.com.mx\/index.php?rest_route=\/wp\/v2\/types\/post"}],"author":[{"embeddable":true,"href":"https:\/\/zonaroja.com.mx\/index.php?rest_route=\/wp\/v2\/users\/2"}],"replies":[{"embeddable":true,"href":"https:\/\/zonaroja.com.mx\/index.php?rest_route=%2Fwp%2Fv2%2Fcomments&post=57422"}],"version-history":[{"count":1,"href":"https:\/\/zonaroja.com.mx\/index.php?rest_route=\/wp\/v2\/posts\/57422\/revisions"}],"predecessor-version":[{"id":57424,"href":"https:\/\/zonaroja.com.mx\/index.php?rest_route=\/wp\/v2\/posts\/57422\/revisions\/57424"}],"wp:featuredmedia":[{"embeddable":true,"href":"https:\/\/zonaroja.com.mx\/index.php?rest_route=\/wp\/v2\/media\/57423"}],"wp:attachment":[{"href":"https:\/\/zonaroja.com.mx\/index.php?rest_route=%2Fwp%2Fv2%2Fmedia&parent=57422"}],"wp:term":[{"taxonomy":"category","embeddable":true,"href":"https:\/\/zonaroja.com.mx\/index.php?rest_route=%2Fwp%2Fv2%2Fcategories&post=57422"},{"taxonomy":"post_tag","embeddable":true,"href":"https:\/\/zonaroja.com.mx\/index.php?rest_route=%2Fwp%2Fv2%2Ftags&post=57422"}],"curies":[{"name":"wp","href":"https:\/\/api.w.org\/{rel}","templated":true}]}}