{"id":57425,"date":"2023-07-11T09:30:00","date_gmt":"2023-07-11T14:30:00","guid":{"rendered":"http:\/\/www.zonaroja.com.mx\/?p=57425"},"modified":"2023-07-11T07:55:02","modified_gmt":"2023-07-11T12:55:02","slug":"identifican-a-familia-que-murio-tras-caida-de-helicoptero-en-el-everest","status":"publish","type":"post","link":"https:\/\/zonaroja.com.mx\/?p=57425","title":{"rendered":"Identifican a familia que muri\u00f3 tras ca\u00edda de helic\u00f3ptero en el Everest"},"content":{"rendered":"\n<p>Redacci\u00f3n\/Zona Roja Cdmx.<\/p>\n\n\n\n<p>Ciudad de M\u00e9xico, a 11 de julio de 2023.- La madrugada de este martes 11 de julio, cinco mexicanos perdieron la vida al estrellarse el helic\u00f3ptero en el que viajaban cerca de la regi\u00f3n del Everest en Nepal.<\/p>\n\n\n\n<p>En el helic\u00f3ptero de la compa\u00f1\u00eda Manang Air viajaban un piloto nepal\u00ed y cinco ciudadanos mexicanos de una misma familia, una pareja y sus tres hijos, que hab\u00edan alquilado el aparato para ver la monta\u00f1a m\u00e1s alta del planeta desde el aire, dijo a EFE el gerente de operaciones y seguridad de la compa\u00f1\u00eda nepal\u00ed, Raju Neupane.<\/p>\n\n\n\n<p>La Autoridad de la Aviaci\u00f3n Civil de Nepal identificaron a los turistas mexicanos fallecidos como Fernando Sifuentes, Abric Gonz\u00e1lez, Luz Gonz\u00e1lez Olacio, Mar\u00eda Jos\u00e9 Sifuentes, e Ismael Rinc\u00f3n, y al piloto nepal\u00ed como C.B. Gurung.<\/p>\n\n\n\n<p>Seg\u00fan fuentes oficiales, el lugar del accidente se encuentra a unos 3.300 metros de altura sobre el nivel del mar y los dos helic\u00f3pteros desplegados por las autoridades para recuperar los cuerpos no han sido capaces de aterrizar debido a las fuertes lluvias.<\/p>\n\n\n\n<p>Tras estos hechos, la embajada de M\u00e9xico en India inform\u00f3 a trav\u00e9s de su cuenta de Twitter que se encuentra trabajando en conjunto con las autoridades de Nepal para esclarecer lo ocurrido en este tr\u00e1gico accidente a\u00e9reo.<\/p>\n\n\n\n<p>(Informaci\u00f3n de la agencia EFE)<\/p>\n","protected":false},"excerpt":{"rendered":"<p>Redacci\u00f3n\/Zona Roja Cdmx. Ciudad de M\u00e9xico, a 11 de julio de 2023.- La madrugada de&hellip;<\/p>\n","protected":false},"author":2,"featured_media":57428,"comment_status":"closed","ping_status":"open","sticky":false,"template":"","format":"standard","meta":{"_lmt_disableupdate":"","_lmt_disable":"","_jetpack_memberships_contains_paid_content":false,"footnotes":""},"categories":[109,47],"tags":[3608],"class_list":["post-57425","post","type-post","status-publish","format-standard","has-post-thumbnail","hentry","category-minuto-a-minuto","category-zona-gris","tag-helicoptero-everest-nepal-mexicanos"],"jetpack_featured_media_url":"https:\/\/zonaroja.com.mx\/wp-content\/uploads\/2023\/07\/Accidente-mexicanos-Everest-.jpeg","jetpack_sharing_enabled":true,"_links":{"self":[{"href":"https:\/\/zonaroja.com.mx\/index.php?rest_route=\/wp\/v2\/posts\/57425","targetHints":{"allow":["GET"]}}],"collection":[{"href":"https:\/\/zonaroja.com.mx\/index.php?rest_route=\/wp\/v2\/posts"}],"about":[{"href":"https:\/\/zonaroja.com.mx\/index.php?rest_route=\/wp\/v2\/types\/post"}],"author":[{"embeddable":true,"href":"https:\/\/zonaroja.com.mx\/index.php?rest_route=\/wp\/v2\/users\/2"}],"replies":[{"embeddable":true,"href":"https:\/\/zonaroja.com.mx\/index.php?rest_route=%2Fwp%2Fv2%2Fcomments&post=57425"}],"version-history":[{"count":1,"href":"https:\/\/zonaroja.com.mx\/index.php?rest_route=\/wp\/v2\/posts\/57425\/revisions"}],"predecessor-version":[{"id":57429,"href":"https:\/\/zonaroja.com.mx\/index.php?rest_route=\/wp\/v2\/posts\/57425\/revisions\/57429"}],"wp:featuredmedia":[{"embeddable":true,"href":"https:\/\/zonaroja.com.mx\/index.php?rest_route=\/wp\/v2\/media\/57428"}],"wp:attachment":[{"href":"https:\/\/zonaroja.com.mx\/index.php?rest_route=%2Fwp%2Fv2%2Fmedia&parent=57425"}],"wp:term":[{"taxonomy":"category","embeddable":true,"href":"https:\/\/zonaroja.com.mx\/index.php?rest_route=%2Fwp%2Fv2%2Fcategories&post=57425"},{"taxonomy":"post_tag","embeddable":true,"href":"https:\/\/zonaroja.com.mx\/index.php?rest_route=%2Fwp%2Fv2%2Ftags&post=57425"}],"curies":[{"name":"wp","href":"https:\/\/api.w.org\/{rel}","templated":true}]}}