{"id":57430,"date":"2023-07-11T08:25:04","date_gmt":"2023-07-11T13:25:04","guid":{"rendered":"http:\/\/www.zonaroja.com.mx\/?p=57430"},"modified":"2023-07-11T08:25:07","modified_gmt":"2023-07-11T13:25:07","slug":"en-48-horas-accidentes-dejan-cinco-muertos-en-oaxaca","status":"publish","type":"post","link":"https:\/\/zonaroja.com.mx\/?p=57430","title":{"rendered":"En 48 horas, accidentes dejan cinco muertos en Oaxaca"},"content":{"rendered":"\n<p>Redacci\u00f3n\/Zona Roja.<\/p>\n\n\n\n<p>Oaxaca de Ju\u00e1rez, Oax., a 11 de julio de 2023.- Al menos cinco personas han perdido la vida en un lapso de 48 horas, en diversos accidentes en carreteras de Oaxaca.<\/p>\n\n\n\n<p>El m\u00e1s reciente percance fatal ocurri\u00f3 anoche cerca de las 23:00 horas, en que un tractocami\u00f3n presuntamente fue impactado por otra unidad, en la carretera Oaxaca-Istmo, cerca del reclusorio regional de Santo Domingo Tehuantepec.<\/p>\n\n\n\n<p>La unidad de motor se incendi\u00f3 de inmediato y horas m\u00e1s tarde fue rescatado un cuerpo sin vida, pr\u00e1cticamente calcinado en su totalidad; en el sitio las autoridades hallaron un tr\u00e1iler de la empresa Frans Feria, con placas de circulaci\u00f3n 69-AN-9T del Estado de M\u00e9xico, con el que habr\u00eda ocurrido el percance y cuyo chofer habr\u00eda huido.<\/p>\n\n\n\n<p>Por otra parte, alrededor de las 22:30 horas del domingo, un mototaxi en que viajaban cuatro migrantes, se impacto contra una camioneta con placas Ry-85609, en la carretera Panamericana, tramo Santiago Niltepec-La Blanca.<\/p>\n\n\n\n<p>Ello dej\u00f3 como saldo tres personas fallecidas y una m\u00e1s lesionada, de origen centroamericano y hasta el momento no han sido identificadas las v\u00edctimas.<\/p>\n\n\n\n<p>La madrugada del domingo, un motociclista muri\u00f3 en su unidad, en la carretera federal 190 Oaxaca-Istmo, a la altura del crucero de Tlalixtaca de Cabrera; respondi\u00f3 en vida al nombre de Eduardo G. G., de 25 a\u00f1os de edad.<\/p>\n\n\n\n<p>Por otra parte, un cuerpo sin vida fue localizado ayer en el r\u00edo \u201cPapaloapan\u201d de San Juan Bautista Tuxtepec; fue rescatado por corporaciones de auxilio pero hasta el momento se desconoce su identidad as\u00ed como las causas del fallecimiento.<\/p>\n","protected":false},"excerpt":{"rendered":"<p>Redacci\u00f3n\/Zona Roja. Oaxaca de Ju\u00e1rez, Oax., a 11 de julio de 2023.- Al menos cinco&hellip;<\/p>\n","protected":false},"author":2,"featured_media":57431,"comment_status":"closed","ping_status":"open","sticky":false,"template":"","format":"standard","meta":{"_lmt_disableupdate":"","_lmt_disable":"","_jetpack_memberships_contains_paid_content":false,"footnotes":""},"categories":[109,51],"tags":[125],"class_list":["post-57430","post","type-post","status-publish","format-standard","has-post-thumbnail","hentry","category-minuto-a-minuto","category-zona-roja","tag-santo-domingo-tehuantepec"],"jetpack_featured_media_url":"https:\/\/zonaroja.com.mx\/wp-content\/uploads\/2023\/07\/Incendio-tractocamion-Tehuantepec-un-muerto.jpg","jetpack_sharing_enabled":true,"_links":{"self":[{"href":"https:\/\/zonaroja.com.mx\/index.php?rest_route=\/wp\/v2\/posts\/57430","targetHints":{"allow":["GET"]}}],"collection":[{"href":"https:\/\/zonaroja.com.mx\/index.php?rest_route=\/wp\/v2\/posts"}],"about":[{"href":"https:\/\/zonaroja.com.mx\/index.php?rest_route=\/wp\/v2\/types\/post"}],"author":[{"embeddable":true,"href":"https:\/\/zonaroja.com.mx\/index.php?rest_route=\/wp\/v2\/users\/2"}],"replies":[{"embeddable":true,"href":"https:\/\/zonaroja.com.mx\/index.php?rest_route=%2Fwp%2Fv2%2Fcomments&post=57430"}],"version-history":[{"count":1,"href":"https:\/\/zonaroja.com.mx\/index.php?rest_route=\/wp\/v2\/posts\/57430\/revisions"}],"predecessor-version":[{"id":57432,"href":"https:\/\/zonaroja.com.mx\/index.php?rest_route=\/wp\/v2\/posts\/57430\/revisions\/57432"}],"wp:featuredmedia":[{"embeddable":true,"href":"https:\/\/zonaroja.com.mx\/index.php?rest_route=\/wp\/v2\/media\/57431"}],"wp:attachment":[{"href":"https:\/\/zonaroja.com.mx\/index.php?rest_route=%2Fwp%2Fv2%2Fmedia&parent=57430"}],"wp:term":[{"taxonomy":"category","embeddable":true,"href":"https:\/\/zonaroja.com.mx\/index.php?rest_route=%2Fwp%2Fv2%2Fcategories&post=57430"},{"taxonomy":"post_tag","embeddable":true,"href":"https:\/\/zonaroja.com.mx\/index.php?rest_route=%2Fwp%2Fv2%2Ftags&post=57430"}],"curies":[{"name":"wp","href":"https:\/\/api.w.org\/{rel}","templated":true}]}}