{"id":57433,"date":"2023-07-11T11:25:00","date_gmt":"2023-07-11T16:25:00","guid":{"rendered":"http:\/\/www.zonaroja.com.mx\/?p=57433"},"modified":"2023-07-11T08:37:10","modified_gmt":"2023-07-11T13:37:10","slug":"revisan-el-ieepco-y-el-ine-avances-del-proceso-electoral-2023-2024","status":"publish","type":"post","link":"https:\/\/zonaroja.com.mx\/?p=57433","title":{"rendered":"Revisan el IEEPCO y el INE avances del proceso electoral 2023-2024"},"content":{"rendered":"\n<p>Redcci\u00f3n\/Zona Roja.<\/p>\n\n\n\n<p>Oaxaca de Ju\u00e1rez, Oax., a 11 de julio de 2023.- Integrantes del Consejo General del Instituto Estatal Electoral y de Participaci\u00f3n Ciudadana de Oaxaca (IEEPCO), se reunieron con las consejeras y consejero electoral del Instituto Nacional Electoral, (INE), Norma Irene de la Cruz Maga\u00f1a, Rita Bell L\u00f3pez Vences y Jorge &nbsp;Monta\u00f1o Ventura para conocer los avances previos al inicio del Proceso Electoral concurrente 2023 \u2013 2024.&nbsp;<\/p>\n\n\n\n<p>Tambi\u00e9n se dieron cita la consejera presidenta, Elizabeth S\u00e1nchez Gonz\u00e1lez, las consejeras electorales Nayma Enr\u00edquez Estrada, Carmelita Sibaja Ochoa, Jessica Jazibe Hern\u00e1ndez Garc\u00eda, Zaira Alhel\u00ed Hip\u00f3lito L\u00f3pez, as\u00ed como los consejeros electorales Alejandro Carrasco Sampedro y Wilfrido Lulio Almaraz Santib\u00e1\u00f1ez.&nbsp;<\/p>\n\n\n\n<p>Las consejer\u00edas electorales manifestaron su disposici\u00f3n de seguir trabajando de manera coordinada para sacar adelante el proceso electoral concurrente de 2024 y destacaron este tipo de actividades las cuales contribuyen a fortalecer la colaboraci\u00f3n interinstitucional y por ende, la democracia. &nbsp;<\/p>\n\n\n\n<p>En la reuni\u00f3n estuvo presente Giancarlo Giordano Garibay, titular de la Unidad T\u00e9cnica de Vinculaci\u00f3n con Organismos P\u00fablicos Locales del INE, as\u00ed como titulares de las Direcciones Ejecutivas y Unidades T\u00e9cnicas del \u00f3rgano local electoral.&nbsp;<\/p>\n","protected":false},"excerpt":{"rendered":"<p>Redcci\u00f3n\/Zona Roja. Oaxaca de Ju\u00e1rez, Oax., a 11 de julio de 2023.- Integrantes del Consejo&hellip;<\/p>\n","protected":false},"author":2,"featured_media":57438,"comment_status":"closed","ping_status":"open","sticky":false,"template":"","format":"standard","meta":{"_lmt_disableupdate":"","_lmt_disable":"","_jetpack_memberships_contains_paid_content":false,"footnotes":""},"categories":[109,46],"tags":[2932],"class_list":["post-57433","post","type-post","status-publish","format-standard","has-post-thumbnail","hentry","category-minuto-a-minuto","category-zona-blanca","tag-instituto-estatal-electoral-y-de-participacion-ciudadana-de-oaxaca-ieepco"],"jetpack_featured_media_url":"https:\/\/zonaroja.com.mx\/wp-content\/uploads\/2023\/07\/IEEPCO-reunion-IFE-Oaxaca.jpeg","jetpack_sharing_enabled":true,"_links":{"self":[{"href":"https:\/\/zonaroja.com.mx\/index.php?rest_route=\/wp\/v2\/posts\/57433","targetHints":{"allow":["GET"]}}],"collection":[{"href":"https:\/\/zonaroja.com.mx\/index.php?rest_route=\/wp\/v2\/posts"}],"about":[{"href":"https:\/\/zonaroja.com.mx\/index.php?rest_route=\/wp\/v2\/types\/post"}],"author":[{"embeddable":true,"href":"https:\/\/zonaroja.com.mx\/index.php?rest_route=\/wp\/v2\/users\/2"}],"replies":[{"embeddable":true,"href":"https:\/\/zonaroja.com.mx\/index.php?rest_route=%2Fwp%2Fv2%2Fcomments&post=57433"}],"version-history":[{"count":1,"href":"https:\/\/zonaroja.com.mx\/index.php?rest_route=\/wp\/v2\/posts\/57433\/revisions"}],"predecessor-version":[{"id":57434,"href":"https:\/\/zonaroja.com.mx\/index.php?rest_route=\/wp\/v2\/posts\/57433\/revisions\/57434"}],"wp:featuredmedia":[{"embeddable":true,"href":"https:\/\/zonaroja.com.mx\/index.php?rest_route=\/wp\/v2\/media\/57438"}],"wp:attachment":[{"href":"https:\/\/zonaroja.com.mx\/index.php?rest_route=%2Fwp%2Fv2%2Fmedia&parent=57433"}],"wp:term":[{"taxonomy":"category","embeddable":true,"href":"https:\/\/zonaroja.com.mx\/index.php?rest_route=%2Fwp%2Fv2%2Fcategories&post=57433"},{"taxonomy":"post_tag","embeddable":true,"href":"https:\/\/zonaroja.com.mx\/index.php?rest_route=%2Fwp%2Fv2%2Ftags&post=57433"}],"curies":[{"name":"wp","href":"https:\/\/api.w.org\/{rel}","templated":true}]}}