{"id":57439,"date":"2023-07-11T12:30:00","date_gmt":"2023-07-11T17:30:00","guid":{"rendered":"http:\/\/www.zonaroja.com.mx\/?p=57439"},"modified":"2023-07-11T09:07:52","modified_gmt":"2023-07-11T14:07:52","slug":"pasan-a-siguiente-fase-13-corcholatas-de-frente-opositor-en-mexico","status":"publish","type":"post","link":"https:\/\/zonaroja.com.mx\/?p=57439","title":{"rendered":"Pasan a siguiente fase 13 \u201ccorcholatas\u201d de frente opositor en M\u00e9xico"},"content":{"rendered":"\n<p>Redacci\u00f3n\/Zona Roja Cdmx.<\/p>\n\n\n\n<p>Ciudad de M\u00e9xico, a 11 de julio de 2023.- El Comit\u00e9 Organizador del Frente Amplio por M\u00e9xico inform\u00f3 que, seg\u00fan los lineamientos para elegir al futuro candidato o candidata a la Presidencia en las elecciones de 2024, s\u00f3lo se acept\u00f3 el registro de 13 personas que cumplieron con los requisitos establecidos.<\/p>\n\n\n\n<p>Durante una conferencia de prensa, realizada este lunes 10 de julio, se detall\u00f3 que se recibi\u00f3 la documentaci\u00f3n de 33 personas que estaban interesadas en participar en la elecci\u00f3n del encargado de encabezar la alianza entre el Partido Acci\u00f3n Nacional (PAN), Revolucionario Institucional (PRI) y de la Revoluci\u00f3n Democr\u00e1tica (PRD).<\/p>\n\n\n\n<p>Mar\u00eda Teresa Gonz\u00e1lez Luna, comisionada del Comit\u00e9 Organizador del Frente Amplio por M\u00e9xico, fue la encargada de presentar a las 13 personas acreditadas a ser aspirantes a responsables del Frente Amplio por M\u00e9xico.<\/p>\n\n\n\n<p>Hoy concluye con \u00e9xito la fase inicial de este proceso consultivo conjunto con organizaciones de la sociedad civil y los Partidos Acci\u00f3n Nacional, Revolucionario Institucional y de la Revoluci\u00f3n Democr\u00e1tica.<\/p>\n\n\n\n<p>\u201cEstamos listos para iniciar la primera etapa de este proceso que nos convoca a todas y todos los ciudadanos mexicanos (\u2026) se nos invita, se nos convoca, a participar en una consulta amplia, encaminada al desarrollo de di\u00e1logos ciudadanos y a la selecci\u00f3n de la persona responsable para la construcci\u00f3n del Frente Amplio por M\u00e9xico\u201d, sostuvo la miembro del Comit\u00e9 Organizador.<\/p>\n\n\n\n<p>Quienes pasaron a la siguiente etapa son: Silvano Aureoles; Santiago Creel; Enrique de la Madrid; Jos\u00e9 Jaime Enrique F\u00e9lix; X\u00f3chitl G\u00e1lvez Ruiz; Francisco Javier Garc\u00eda Cabeza de Vaca; Ignacio Loyola Vera; Miguel \u00c1ngel Mancera; Beatriz Paredes Rangel; Jorge Luis Preciado Rodr\u00edguez; Gabriel Quadri; Israel Rivas; Sergio Iv\u00e1n Torres Bravo.<\/p>\n\n\n\n<p>Aureoles, Creel y Cabeza de Vaca no estuvieron presentes en la ceremonia.<\/p>\n\n\n\n<p>Por otro lado, Juan Manuel Herrero, coment\u00f3 que las 13 personas seleccionadas cuentan con la caracter\u00edstica de poder hacer valer el liderazgo nacional.<\/p>\n\n\n\n<p>Adem\u00e1s, envi\u00f3 una invitaci\u00f3n a los 20 participantes que no fueron favorecidos para que les ayuden a continuar trabajando para el Frente Amplio por M\u00e9xico.<\/p>\n\n\n\n<p>(Informaci\u00f3n de \u201cEl Economista\u201d)<\/p>\n","protected":false},"excerpt":{"rendered":"<p>Redacci\u00f3n\/Zona Roja Cdmx. Ciudad de M\u00e9xico, a 11 de julio de 2023.- El Comit\u00e9 Organizador&hellip;<\/p>\n","protected":false},"author":2,"featured_media":57440,"comment_status":"closed","ping_status":"open","sticky":false,"template":"","format":"standard","meta":{"_lmt_disableupdate":"","_lmt_disable":"","_jetpack_memberships_contains_paid_content":false,"footnotes":""},"categories":[109,46],"tags":[3609],"class_list":["post-57439","post","type-post","status-publish","format-standard","has-post-thumbnail","hentry","category-minuto-a-minuto","category-zona-blanca","tag-frente-amplio-por-mexico"],"jetpack_featured_media_url":"https:\/\/zonaroja.com.mx\/wp-content\/uploads\/2023\/07\/Conferencia-frente-amplio-va-por-Mexico.webp","jetpack_sharing_enabled":true,"_links":{"self":[{"href":"https:\/\/zonaroja.com.mx\/index.php?rest_route=\/wp\/v2\/posts\/57439","targetHints":{"allow":["GET"]}}],"collection":[{"href":"https:\/\/zonaroja.com.mx\/index.php?rest_route=\/wp\/v2\/posts"}],"about":[{"href":"https:\/\/zonaroja.com.mx\/index.php?rest_route=\/wp\/v2\/types\/post"}],"author":[{"embeddable":true,"href":"https:\/\/zonaroja.com.mx\/index.php?rest_route=\/wp\/v2\/users\/2"}],"replies":[{"embeddable":true,"href":"https:\/\/zonaroja.com.mx\/index.php?rest_route=%2Fwp%2Fv2%2Fcomments&post=57439"}],"version-history":[{"count":1,"href":"https:\/\/zonaroja.com.mx\/index.php?rest_route=\/wp\/v2\/posts\/57439\/revisions"}],"predecessor-version":[{"id":57441,"href":"https:\/\/zonaroja.com.mx\/index.php?rest_route=\/wp\/v2\/posts\/57439\/revisions\/57441"}],"wp:featuredmedia":[{"embeddable":true,"href":"https:\/\/zonaroja.com.mx\/index.php?rest_route=\/wp\/v2\/media\/57440"}],"wp:attachment":[{"href":"https:\/\/zonaroja.com.mx\/index.php?rest_route=%2Fwp%2Fv2%2Fmedia&parent=57439"}],"wp:term":[{"taxonomy":"category","embeddable":true,"href":"https:\/\/zonaroja.com.mx\/index.php?rest_route=%2Fwp%2Fv2%2Fcategories&post=57439"},{"taxonomy":"post_tag","embeddable":true,"href":"https:\/\/zonaroja.com.mx\/index.php?rest_route=%2Fwp%2Fv2%2Ftags&post=57439"}],"curies":[{"name":"wp","href":"https:\/\/api.w.org\/{rel}","templated":true}]}}