{"id":57442,"date":"2023-07-11T14:09:00","date_gmt":"2023-07-11T19:09:00","guid":{"rendered":"http:\/\/www.zonaroja.com.mx\/?p=57442"},"modified":"2023-07-11T09:23:57","modified_gmt":"2023-07-11T14:23:57","slug":"alarma-creciente-clima-extremo-en-el-mundo-y-deja-cuantiosos-danos","status":"publish","type":"post","link":"https:\/\/zonaroja.com.mx\/?p=57442","title":{"rendered":"Alarma creciente clima extremo en el mundo y deja cuantiosos da\u00f1os"},"content":{"rendered":"\n<p>Redacci\u00f3n\/Zona Roja Cdmx.<\/p>\n\n\n\n<p>Ciudad de M\u00e9xico, a 11 de julio de 2023.- Al menos 61 mil personas murieron en Europa por el calor an\u00f3malo del verano de 2022, seg\u00fan una investigaci\u00f3n en la revista m\u00e9dica \u201cNature\u201d.&nbsp;<\/p>\n\n\n\n<p>\u201cEn Europa murieron por calor 62 mil 862 personas en 2022, de las cuales 61 mil 672 fallecieron entre el 30 de mayo y el 4 de septiembre\u201d, precis\u00f3. Las mayores cifras se registraron en Italia, Espa\u00f1a, Alemania y Francia.<\/p>\n\n\n\n<p>EN CHINA<\/p>\n\n\n\n<p>Equipos de rescate buscaban a siete desaparecidos en un alud de tierra provocado por las lluvias torrenciales, mientras los empleadores en buena parte de China recib\u00edan orden de limitar los trabajos al aire libre por las abrasadoras temperaturas, en medio de ondas de calor, inundaciones y sequ\u00edas en el pa\u00eds. Se preve\u00edan temperaturas superiores a 40 grados Celsius en Pek\u00edn y en el centro y costa sureste del pa\u00eds.<\/p>\n\n\n\n<p>EN INDIA<\/p>\n\n\n\n<p>Las lluvias torrenciales registradas en el estado indio de Uttar Pradesh han dejado al menos 40 personas muertas en 24 horas, inform\u00f3 la emisora local All India Radio. El monz\u00f3n en el norte del pa\u00eds dej\u00f3 a muchos distritos en el caos, sobre todo en las partes occidentales de Uttar Pradesh. El Departamento Meteorol\u00f3gico emiti\u00f3 una alerta naranja para algunos distritos, donde puede haber lluvias fuertes.<\/p>\n\n\n\n<p>R\u00c9CORD DE CALOR<\/p>\n\n\n\n<p>La semana pasada fue la m\u00e1s c\u00e1lida jam\u00e1s registrada en el mundo, con temperaturas en la superficie del mar que alcanzaron niveles sin precedente, inform\u00f3 ayer la Organizaci\u00f3n Meteorol\u00f3gica Mundial (OMM) de la Organizaci\u00f3n de Naciones Unidas.&nbsp;<\/p>\n\n\n\n<p>Atribuy\u00f3 el r\u00e9cord a que el hielo marino de la Ant\u00e1rtida alcanz\u00f3 m\u00ednimos hist\u00f3ricos en junio, el mes m\u00e1s caliente registrado en la historia. \u201cEstamos acostumbrados a ver grandes reducciones del hielo marino en el \u00c1rtico, pero no en el Ant\u00e1rtico\u201d, declar\u00f3 Michael Sparrow, jefe del Programa Mundial de Investigaciones Clim\u00e1ticas. \u201cTodo el oc\u00e9ano se est\u00e1 calentando y est\u00e1 absorbiendo energ\u00eda que estar\u00e1 all\u00ed cientos de a\u00f1os. Las alarmas suenan fuerte debido a las temperaturas sin precedentes de la superficie del mar en el Atl\u00e1ntico Norte\u201d, afirm\u00f3.<\/p>\n","protected":false},"excerpt":{"rendered":"<p>Redacci\u00f3n\/Zona Roja Cdmx. Ciudad de M\u00e9xico, a 11 de julio de 2023.- Al menos 61&hellip;<\/p>\n","protected":false},"author":2,"featured_media":57443,"comment_status":"closed","ping_status":"open","sticky":false,"template":"","format":"standard","meta":{"_lmt_disableupdate":"","_lmt_disable":"","_jetpack_memberships_contains_paid_content":false,"footnotes":""},"categories":[109,47],"tags":[3521],"class_list":["post-57442","post","type-post","status-publish","format-standard","has-post-thumbnail","hentry","category-minuto-a-minuto","category-zona-gris","tag-cambio-climatico"],"jetpack_featured_media_url":"https:\/\/zonaroja.com.mx\/wp-content\/uploads\/2023\/07\/Clima-extremo-mundial.jpeg","jetpack_sharing_enabled":true,"_links":{"self":[{"href":"https:\/\/zonaroja.com.mx\/index.php?rest_route=\/wp\/v2\/posts\/57442","targetHints":{"allow":["GET"]}}],"collection":[{"href":"https:\/\/zonaroja.com.mx\/index.php?rest_route=\/wp\/v2\/posts"}],"about":[{"href":"https:\/\/zonaroja.com.mx\/index.php?rest_route=\/wp\/v2\/types\/post"}],"author":[{"embeddable":true,"href":"https:\/\/zonaroja.com.mx\/index.php?rest_route=\/wp\/v2\/users\/2"}],"replies":[{"embeddable":true,"href":"https:\/\/zonaroja.com.mx\/index.php?rest_route=%2Fwp%2Fv2%2Fcomments&post=57442"}],"version-history":[{"count":1,"href":"https:\/\/zonaroja.com.mx\/index.php?rest_route=\/wp\/v2\/posts\/57442\/revisions"}],"predecessor-version":[{"id":57444,"href":"https:\/\/zonaroja.com.mx\/index.php?rest_route=\/wp\/v2\/posts\/57442\/revisions\/57444"}],"wp:featuredmedia":[{"embeddable":true,"href":"https:\/\/zonaroja.com.mx\/index.php?rest_route=\/wp\/v2\/media\/57443"}],"wp:attachment":[{"href":"https:\/\/zonaroja.com.mx\/index.php?rest_route=%2Fwp%2Fv2%2Fmedia&parent=57442"}],"wp:term":[{"taxonomy":"category","embeddable":true,"href":"https:\/\/zonaroja.com.mx\/index.php?rest_route=%2Fwp%2Fv2%2Fcategories&post=57442"},{"taxonomy":"post_tag","embeddable":true,"href":"https:\/\/zonaroja.com.mx\/index.php?rest_route=%2Fwp%2Fv2%2Ftags&post=57442"}],"curies":[{"name":"wp","href":"https:\/\/api.w.org\/{rel}","templated":true}]}}