{"id":57446,"date":"2023-07-11T16:53:48","date_gmt":"2023-07-11T21:53:48","guid":{"rendered":"http:\/\/www.zonaroja.com.mx\/?p=57446"},"modified":"2023-07-11T16:54:05","modified_gmt":"2023-07-11T21:54:05","slug":"crecen-protestas-sindicales-por-desatencion-de-titular-de-los-sso","status":"publish","type":"post","link":"https:\/\/zonaroja.com.mx\/?p=57446","title":{"rendered":"Crecen protestas sindicales por desatenci\u00f3n de titular de los SSO"},"content":{"rendered":"\n<p>Yuridiana Sosa\/Zona Roja.<\/p>\n\n\n\n<p>Oaxaca de Ju\u00e1rez, Oax., a 11 de julio de 2023.- Las Secciones 35, 73 y 94 del Sindicato Nacional de Trabajadores de la Secretar\u00eda de Salud (SNTSA) mantienen en jaque a los Servicios de Salud de Oaxaca, que dirige Alma Lilia Velasco Hern\u00e1ndez, ante la desatenci\u00f3n a las demandas en diversas \u00e1reas. <\/p>\n\n\n\n<p>Este martes, la Secci\u00f3n 94 del SNTSA inici\u00f3 una protesta contra la dependencia, al ser ignorados para llevar a una mesa de di\u00e1logo que resuelva conflictos laborales en la unidad de vectores. <\/p>\n\n\n\n<p>Liderados por el secretario general, Mario Ram\u00edrez V\u00e1squez, los trabajadores bloquearon la circulaci\u00f3n vial en la calle de J.P. Garc\u00eda, frente a la Secretar\u00eda de Salud, para exigir la atenci\u00f3n correspondiente y frenar a tiempo el problema que se ha registrado con varios mandos medios de los SSO, a quienes acusan de tratos \u00edndigos.<\/p>\n\n\n\n<p>De no ser recibidos, la Secci\u00f3n 94 advirti\u00f3 de una movilizaci\u00f3n estatal.&nbsp;<\/p>\n\n\n\n<p>Por otra parte, la Secci\u00f3n 73 de \u201cPaludismo\u201d, dirigida por Jorge Alfredo D\u00edaz L\u00f3pez, demand\u00f3 a los Servicios de Salud de Oaxaca urgente atenci\u00f3n a las carencias de insumos y herramientas para el combate al dengue en los Valles Centrales ante el aumento de casos.<\/p>\n\n\n\n<p>La gremial indic\u00f3 que hasta el momento no cuentan con presupuesto, material, herramientas, parque vehicular y plantilla laboral necesarios para la inmediata intervenci\u00f3n a trav\u00e9s de nebulizaci\u00f3n y control de larvario, con la finalidad de cortar transmisi\u00f3n y disminuir la carga de morbilidad.<\/p>\n\n\n\n<p>La Secci\u00f3n 73 alert\u00f3 que el panorama puede complicarse ante la llegada de miles de turistas para las festividades de la Guelaguetza.<\/p>\n\n\n\n<p>Detall\u00f3 que los municipios pertenecientes a la Jurisdicci\u00f3n Sanitaria n\u00famero uno con mayor afectaci\u00f3n son Oaxaca de Ju\u00e1rez, Santa Luc\u00eda del Camino, Santa Cruz Xoxocotl\u00e1n, San Sebasti\u00e1n Tuta y Villa de Zaachila, que aportan el 50 por ciento de los casos de Valle Centrales.<\/p>\n\n\n\n<figure class=\"wp-block-embed\"><div class=\"wp-block-embed__wrapper\">\n<div class=\"twitter-tweet\"><blockquote class=\"twitter-tweet\" data-lang=\"es\"><p lang=\"es\" dir=\"ltr\">No paran los problemas en los <a href=\"https:\/\/twitter.com\/SSO_GobOax?ref_src=twsrc%5Etfw\">@SSO_GobOax<\/a>, ante desatenci\u00f3n de la secretaria <a href=\"https:\/\/twitter.com\/Alma_VelascoH?ref_src=twsrc%5Etfw\">@Alma_VelascoH<\/a>: ahora integrantes de la Secci\u00f3n 94 del Sector Salud bloquean la primera calle de J. P. Garc\u00eda, en la capital, para exigir renuncia de funcionarios por incompetentes. <a href=\"https:\/\/t.co\/d2qIOPR5Ef\">pic.twitter.com\/d2qIOPR5Ef<\/a><\/p>&mdash; Zona Roja Oaxaca (@ZonaRoja_Oaxaca) <a href=\"https:\/\/twitter.com\/ZonaRoja_Oaxaca\/status\/1678823484175048704?ref_src=twsrc%5Etfw\">11 de julio de 2023<\/a><\/blockquote><\/div>\n<\/div><\/figure>\n\n\n\n<p>Jorge Alfredo D\u00edaz L\u00f3pez detall\u00f3 sobre diversos brotes de dengue, dispersos en las diferentes jurisdicciones, teniendo mayor afectaci\u00f3n de los Valles Centrales, y al corte de la semana epidemiol\u00f3gica 26 se ten\u00edan mil 432 casos probables de dengue acumulados, con un incremento acelerado de casos en la semana 23, 24, 25 y 26.<\/p>\n\n\n\n<p>EN LA CUENCA<\/p>\n\n\n\n<p>Por otra parte, la Jurisdicci\u00f3n Sanitaria 03 en la Cuenca, perteneciente a la Secci\u00f3n 35 del SNTSA, mantiene vigente su jornada de protesta para exigir mantenimiento en el Hospital General de la regi\u00f3n, ubicado en Tuxtepec.<\/p>\n\n\n\n<p>Ayer realizaron un paro de 24 horas, el cual continuar\u00e1 el mi\u00e9rcoles y jueves con un paro de 48 horas y de no resolverse la problem\u00e1tica iniciar\u00e1n un paro de 72 horas a partir del lunes 17 de julio.<\/p>\n\n\n\n<p>La movilizaci\u00f3n se origin\u00f3 luego del incumplimiento de SSO, quien se comprometi\u00f3 a acudir a resolver los diversos problemas en la red de energ\u00eda el\u00e9ctrica, la red de aire acondicionado en \u00e1reas indispensables y en la red de ox\u00edgeno, el pasado 26 de junio.&nbsp;<\/p>\n","protected":false},"excerpt":{"rendered":"<p>Yuridiana Sosa\/Zona Roja. Oaxaca de Ju\u00e1rez, Oax., a 11 de julio de 2023.- Las Secciones&hellip;<\/p>\n","protected":false},"author":2,"featured_media":57445,"comment_status":"closed","ping_status":"open","sticky":false,"template":"","format":"standard","meta":{"_lmt_disableupdate":"","_lmt_disable":"","_jetpack_memberships_contains_paid_content":false,"footnotes":""},"categories":[109,47],"tags":[],"class_list":["post-57446","post","type-post","status-publish","format-standard","has-post-thumbnail","hentry","category-minuto-a-minuto","category-zona-gris"],"jetpack_featured_media_url":"https:\/\/zonaroja.com.mx\/wp-content\/uploads\/2023\/07\/2ed92282-38c1-411e-b580-173ed5edfff2.jpg","jetpack_sharing_enabled":true,"_links":{"self":[{"href":"https:\/\/zonaroja.com.mx\/index.php?rest_route=\/wp\/v2\/posts\/57446","targetHints":{"allow":["GET"]}}],"collection":[{"href":"https:\/\/zonaroja.com.mx\/index.php?rest_route=\/wp\/v2\/posts"}],"about":[{"href":"https:\/\/zonaroja.com.mx\/index.php?rest_route=\/wp\/v2\/types\/post"}],"author":[{"embeddable":true,"href":"https:\/\/zonaroja.com.mx\/index.php?rest_route=\/wp\/v2\/users\/2"}],"replies":[{"embeddable":true,"href":"https:\/\/zonaroja.com.mx\/index.php?rest_route=%2Fwp%2Fv2%2Fcomments&post=57446"}],"version-history":[{"count":1,"href":"https:\/\/zonaroja.com.mx\/index.php?rest_route=\/wp\/v2\/posts\/57446\/revisions"}],"predecessor-version":[{"id":57447,"href":"https:\/\/zonaroja.com.mx\/index.php?rest_route=\/wp\/v2\/posts\/57446\/revisions\/57447"}],"wp:featuredmedia":[{"embeddable":true,"href":"https:\/\/zonaroja.com.mx\/index.php?rest_route=\/wp\/v2\/media\/57445"}],"wp:attachment":[{"href":"https:\/\/zonaroja.com.mx\/index.php?rest_route=%2Fwp%2Fv2%2Fmedia&parent=57446"}],"wp:term":[{"taxonomy":"category","embeddable":true,"href":"https:\/\/zonaroja.com.mx\/index.php?rest_route=%2Fwp%2Fv2%2Fcategories&post=57446"},{"taxonomy":"post_tag","embeddable":true,"href":"https:\/\/zonaroja.com.mx\/index.php?rest_route=%2Fwp%2Fv2%2Ftags&post=57446"}],"curies":[{"name":"wp","href":"https:\/\/api.w.org\/{rel}","templated":true}]}}