{"id":57455,"date":"2023-07-11T20:35:37","date_gmt":"2023-07-12T01:35:37","guid":{"rendered":"http:\/\/www.zonaroja.com.mx\/?p=57455"},"modified":"2023-07-11T20:35:38","modified_gmt":"2023-07-12T01:35:38","slug":"opinion-y-las-obras-donadas-que-requiem-por-el-maco","status":"publish","type":"post","link":"https:\/\/zonaroja.com.mx\/?p=57455","title":{"rendered":"Opini\u00f3n.\u00bfY las obras donadas qu\u00e9? R\u00e9quiem por el MACO"},"content":{"rendered":"\n<p>Sergio Hern\u00e1ndez*<\/p>\n\n\n\n<p>Nada bueno anticipan la repentina decisi\u00f3n del gobierno de Oaxaca ni la violenta acci\u00f3n de su procuradur\u00eda para tomar con marinos armados la sede del MACO, \u00fanico sitio del estado y de todo M\u00e9xico dedicado durante 31 a\u00f1os de azarosa vida al impulso y preservaci\u00f3n del arte contempor\u00e1neo oaxaque\u00f1o.<\/p>\n\n\n\n<p>A partir de su reapertura despu\u00e9s de la pandemia, el MACO entr\u00f3 en crisis permanente, sin poder cubrir salarios ni gastos administrativos y con adeudos acumulados equivalentes a dos a\u00f1os de operaci\u00f3n.<\/p>\n\n\n\n<p>En una acci\u00f3n, que no por esperada la hace menos brutal, el gobierno recuper\u00f3 la sede f\u00edsica del MACO con la Marina. No s\u00f3lo decomisa su acervo formado por una colecci\u00f3n de obras donadas y financiadas en su mayor\u00eda por el patronato Amigos del MACO, sino que le agandalla tambi\u00e9n hasta de su nombre.<\/p>\n\n\n\n<p>Sin dar la menor explicaci\u00f3n a quienes han donado obra para su acervo o para exposiciones en proceso de realizaci\u00f3n, la Procuradur\u00eda del Estado dice \u201chaber recuperado\u201d 145 piezas art\u00edsticas, mediante un cateo judicial hecho por ella misma en las bodegas del propio museo (!).<\/p>\n\n\n\n<p>Un representante del gobierno expide un comunicado y dice: \u201cante una posible dilapidaci\u00f3n de las obras tenemos que actuar en defensa del patrimonio de las y los oaxaque\u00f1os para esclarecer este asunto\u201d. El autor, Geovany V\u00e1zquez, consejero jur\u00eddico del gobierno estatal se abstiene de mencionar ruta alguna para devolver a los donantes las obras secuestradas de facto, pero desliza como advertencia y en nombre del gobernador que la Consejer\u00eda tiene otras denuncias pendientes \u201csobre inmuebles del centro hist\u00f3rico que corresponden al gobierno estatal y est\u00e1n en manos de particulares\u201d.<\/p>\n\n\n\n<p>Alg\u00fan d\u00eda se sabr\u00e1 detalladamente (ojal\u00e1) el pecado de quienes mataron a la vaca y el de quienes le amarraron la pata. Por decir lo menos, que desde un movimiento de trabajadores del MACO que exigen el pago de salarios no cubiertos, la administraci\u00f3n tuvo que hacer frente a la acumulaci\u00f3n de dicho adeudo y, en una situaci\u00f3n desesperada, solventar sus gastos administrativos hasta agotar el presupuesto para exposici\u00f3n, lo cual agrav\u00f3 la crisis financiera que doblegaba ya a la instituci\u00f3n.<\/p>\n\n\n\n<p>Si el museo qued\u00f3 impedido de cumplir sus fines y objetivos, todas las donaciones recibidas deben revertirse y el gobierno debe facilitar sin dilaci\u00f3n su devoluci\u00f3n a sus autores y due\u00f1os. Como cualquier otra asociaci\u00f3n civil, patronato u organismo sin fines de lucro, entre los papeles del MACO debe existir todav\u00eda el registro de donaciones recibidas desde 1992 sea en dinero o en especie.<\/p>\n\n\n\n<p>Los donantes de las obras a Amigos del Museo MACO y quienes le entregaron obras para exposiciones que ahora han quedado truncas, tendremos que identificar las piezas seg\u00fan los registros disponibles, entre estos, los que el propio museo cre\u00f3 y el Gobierno debe dar a conocer a los donantes.<\/p>\n\n\n\n<p>Si la recuperaci\u00f3n se hunde en el burocratismo y la torpeza administrativa de quienes se abalanzan no s\u00f3lo sobre el edificio en comodato, sino sobre el nombre mismo y las obras donadas, es muy posible que enfrenten reclamaciones legales por ese indebido despojo.<\/p>\n\n\n\n<p>En este cuadro de cosas, parece oportuno que el gobierno aporte m\u00e1s y mejor informaci\u00f3n sobre una ruta clara para el reconocimiento y la ejecuci\u00f3n de la devoluci\u00f3n de las obras. Ojal\u00e1 honre con probidad y transparencia los derechos de quienes vivimos esta triste historia.<\/p>\n\n\n\n<p>Las primeras noticias post mortem anuncian que el edificio que alberg\u00f3 un sue\u00f1o y un museo puede ser utilizado como espacio de exhibici\u00f3n de \u201cMexican curious\u201d y alebrijes y para realizar actividades tur\u00edsticas ligadas a la Guelaguetza.<\/p>\n\n\n\n<p>El MACO desaparece tambi\u00e9n por implosi\u00f3n, como el submarino tur\u00edstico que desafi\u00f3 las profundidades donde yacen los restos del Titanic. Atrapado por las presiones terribles de la realidad y de la imprevisi\u00f3n. Los n\u00e1ufragos de esta tragedia anunciada merecen recuperar las obras cedidas, porque la historia ligada a la vida y muerte del MACO apenas comienza.<\/p>\n\n\n\n<p>*Artista pl\u00e1stico oaxaque\u00f1o.<\/p>\n\n\n\n<p>Art\u00edculo publicado en \u00abMilenio\u00bb<\/p>\n","protected":false},"excerpt":{"rendered":"<p>Sergio Hern\u00e1ndez* Nada bueno anticipan la repentina decisi\u00f3n del gobierno de Oaxaca ni la violenta&hellip;<\/p>\n","protected":false},"author":2,"featured_media":57457,"comment_status":"closed","ping_status":"open","sticky":false,"template":"","format":"standard","meta":{"_lmt_disableupdate":"","_lmt_disable":"","_jetpack_memberships_contains_paid_content":false,"footnotes":""},"categories":[456,109],"tags":[1164],"class_list":["post-57455","post","type-post","status-publish","format-standard","has-post-thumbnail","hentry","category-columna","category-minuto-a-minuto","tag-sergio-hernandez"],"jetpack_featured_media_url":"https:\/\/zonaroja.com.mx\/wp-content\/uploads\/2023\/07\/MACO-Museo-de-Arte-Contemporaneo.jpg","jetpack_sharing_enabled":true,"_links":{"self":[{"href":"https:\/\/zonaroja.com.mx\/index.php?rest_route=\/wp\/v2\/posts\/57455","targetHints":{"allow":["GET"]}}],"collection":[{"href":"https:\/\/zonaroja.com.mx\/index.php?rest_route=\/wp\/v2\/posts"}],"about":[{"href":"https:\/\/zonaroja.com.mx\/index.php?rest_route=\/wp\/v2\/types\/post"}],"author":[{"embeddable":true,"href":"https:\/\/zonaroja.com.mx\/index.php?rest_route=\/wp\/v2\/users\/2"}],"replies":[{"embeddable":true,"href":"https:\/\/zonaroja.com.mx\/index.php?rest_route=%2Fwp%2Fv2%2Fcomments&post=57455"}],"version-history":[{"count":1,"href":"https:\/\/zonaroja.com.mx\/index.php?rest_route=\/wp\/v2\/posts\/57455\/revisions"}],"predecessor-version":[{"id":57458,"href":"https:\/\/zonaroja.com.mx\/index.php?rest_route=\/wp\/v2\/posts\/57455\/revisions\/57458"}],"wp:featuredmedia":[{"embeddable":true,"href":"https:\/\/zonaroja.com.mx\/index.php?rest_route=\/wp\/v2\/media\/57457"}],"wp:attachment":[{"href":"https:\/\/zonaroja.com.mx\/index.php?rest_route=%2Fwp%2Fv2%2Fmedia&parent=57455"}],"wp:term":[{"taxonomy":"category","embeddable":true,"href":"https:\/\/zonaroja.com.mx\/index.php?rest_route=%2Fwp%2Fv2%2Fcategories&post=57455"},{"taxonomy":"post_tag","embeddable":true,"href":"https:\/\/zonaroja.com.mx\/index.php?rest_route=%2Fwp%2Fv2%2Ftags&post=57455"}],"curies":[{"name":"wp","href":"https:\/\/api.w.org\/{rel}","templated":true}]}}