{"id":57459,"date":"2023-07-11T22:08:56","date_gmt":"2023-07-12T03:08:56","guid":{"rendered":"http:\/\/www.zonaroja.com.mx\/?p=57459"},"modified":"2023-07-11T22:08:58","modified_gmt":"2023-07-12T03:08:58","slug":"crece-incompetencia-de-edil-de-zaachila-sobre-quejas-de-policias-y-basura","status":"publish","type":"post","link":"https:\/\/zonaroja.com.mx\/?p=57459","title":{"rendered":"\u00a0Crece incompetencia de edil de Zaachila sobre quejas de polic\u00edas y basura"},"content":{"rendered":"\n<p>Yuridiana Sosa\/Zona Roja.<\/p>\n\n\n\n<p>Oaxaca de Ju\u00e1rez, Oax., a 11 de julio de 2023.- El presidente municipal de la Villa de Zaachila, Rigoberto Chag\u00f3n, contin\u00faa abonando al problema de la seguridad p\u00fablica en su municipio, pues en lugar de atender las demandas de la Polic\u00eda Municipal, propicia la protesta con actos de intimidaci\u00f3n contra sus elementos.<\/p>\n\n\n\n<p>A casi una semana del paro de labores que inici\u00f3 la corporaci\u00f3n para exigir una mesa de di\u00e1logo con el edil emanado de Morena, la autoridad abord\u00f3 a algunos elementos que se encontraban en la explanada frente al Palacio Municipal para grabarlos y advertirles sobre su destituci\u00f3n o detenciones.<\/p>\n\n\n\n<p>Con celular en mano, el presidente municipal se acerc\u00f3 a los uniformados, los grab\u00f3 directo a la cara y les realiz\u00f3 amenazas para que desistan de la protesta; detr\u00e1s del edil, su personal de confianza tambi\u00e9n grab\u00f3 a los elementos.<\/p>\n\n\n\n<p>La polic\u00eda de Zaachila denunci\u00f3 que desde hace varios meses han buscado las v\u00edas necesarias para que el edil los reciba y escuche sus demandas relacionadas a mejoras en las condiciones laborales, sin embargo, solo han recibido negativas.<\/p>\n\n\n\n<p>El rechazo de atenderlos activ\u00f3 el pasado 16 de junio el primer paro de labores, en el que exhibieron las p\u00e9simas condiciones de sus uniformes, chalecos antibalas, patrullas y salarios.<\/p>\n\n\n\n<p>TAMBI\u00c9N CIUDADAN\u00cdA<\/p>\n\n\n\n<p>Otro de los problemas no atendidos por el edil es la crisis de la basura tras el cierre del tiradero en ese municipio, y el cual no fue capaz de frenar.<\/p>\n\n\n\n<p>Ahora la poblaci\u00f3n de Zaachila sufre la incapacidad de Rigoberto Chac\u00f3n para resolver la incontenible problem\u00e1tica, por lo que este mi\u00e9rcoles se prev\u00e9 la concentraci\u00f3n de ciudadanos frente al Palacio Municipal para exigir soluci\u00f3n.<\/p>\n\n\n\n<p>Por medio de redes sociales, el grupo denominado Consejo Ciudadano convoc\u00f3 para la manifestaci\u00f3n a partir de las 9:00 horas, en la que se pide llevar la basura. \u201cZaachile\u00f1os exijamos nuestros derechos, es tiempo de mostrar nuestra inconformidad\u201d, indic\u00f3 el comunicado.<\/p>\n\n\n\n<figure class=\"wp-block-embed is-type-rich is-provider-twitter wp-block-embed-twitter\"><div class=\"wp-block-embed__wrapper\">\n<div class=\"twitter-tweet\"><blockquote class=\"twitter-tweet\" data-lang=\"es\"><p lang=\"es\" dir=\"ltr\">A falta de capacidad para atender la problem\u00e1tica, el edil morenista de la Villa de Zaachila, Oaxaca, <a href=\"https:\/\/twitter.com\/Dr_RigoChacon?ref_src=twsrc%5Etfw\">@Dr_RigoChacon<\/a>, lleg\u00f3 a intimidar a los polic\u00edas y amenazarlos con destituci\u00f3n o detenciones, denunciaron hoy los uniformados, que van a cumplir una semana de paro de labores, en\u2026 <a href=\"https:\/\/t.co\/qDkXqEYk1l\">pic.twitter.com\/qDkXqEYk1l<\/a><\/p>&mdash; Zona Roja Oaxaca (@ZonaRoja_Oaxaca) <a href=\"https:\/\/twitter.com\/ZonaRoja_Oaxaca\/status\/1678904139307253761?ref_src=twsrc%5Etfw\">11 de julio de 2023<\/a><\/blockquote><\/div>\n<\/div><\/figure>\n","protected":false},"excerpt":{"rendered":"<p>Yuridiana Sosa\/Zona Roja. Oaxaca de Ju\u00e1rez, Oax., a 11 de julio de 2023.- El presidente&hellip;<\/p>\n","protected":false},"author":2,"featured_media":57460,"comment_status":"closed","ping_status":"open","sticky":false,"template":"","format":"standard","meta":{"_lmt_disableupdate":"","_lmt_disable":"","_jetpack_memberships_contains_paid_content":false,"footnotes":""},"categories":[109,47],"tags":[155],"class_list":["post-57459","post","type-post","status-publish","format-standard","has-post-thumbnail","hentry","category-minuto-a-minuto","category-zona-gris","tag-villa-de-zaachila"],"jetpack_featured_media_url":"https:\/\/zonaroja.com.mx\/wp-content\/uploads\/2023\/07\/Paro-policias-de-Zaachila.jpeg","jetpack_sharing_enabled":true,"_links":{"self":[{"href":"https:\/\/zonaroja.com.mx\/index.php?rest_route=\/wp\/v2\/posts\/57459","targetHints":{"allow":["GET"]}}],"collection":[{"href":"https:\/\/zonaroja.com.mx\/index.php?rest_route=\/wp\/v2\/posts"}],"about":[{"href":"https:\/\/zonaroja.com.mx\/index.php?rest_route=\/wp\/v2\/types\/post"}],"author":[{"embeddable":true,"href":"https:\/\/zonaroja.com.mx\/index.php?rest_route=\/wp\/v2\/users\/2"}],"replies":[{"embeddable":true,"href":"https:\/\/zonaroja.com.mx\/index.php?rest_route=%2Fwp%2Fv2%2Fcomments&post=57459"}],"version-history":[{"count":1,"href":"https:\/\/zonaroja.com.mx\/index.php?rest_route=\/wp\/v2\/posts\/57459\/revisions"}],"predecessor-version":[{"id":57461,"href":"https:\/\/zonaroja.com.mx\/index.php?rest_route=\/wp\/v2\/posts\/57459\/revisions\/57461"}],"wp:featuredmedia":[{"embeddable":true,"href":"https:\/\/zonaroja.com.mx\/index.php?rest_route=\/wp\/v2\/media\/57460"}],"wp:attachment":[{"href":"https:\/\/zonaroja.com.mx\/index.php?rest_route=%2Fwp%2Fv2%2Fmedia&parent=57459"}],"wp:term":[{"taxonomy":"category","embeddable":true,"href":"https:\/\/zonaroja.com.mx\/index.php?rest_route=%2Fwp%2Fv2%2Fcategories&post=57459"},{"taxonomy":"post_tag","embeddable":true,"href":"https:\/\/zonaroja.com.mx\/index.php?rest_route=%2Fwp%2Fv2%2Ftags&post=57459"}],"curies":[{"name":"wp","href":"https:\/\/api.w.org\/{rel}","templated":true}]}}