{"id":57462,"date":"2023-07-12T07:36:17","date_gmt":"2023-07-12T12:36:17","guid":{"rendered":"http:\/\/www.zonaroja.com.mx\/?p=57462"},"modified":"2023-07-12T07:36:19","modified_gmt":"2023-07-12T12:36:19","slug":"narcoterror-en-jalisco-3-muertos-y-10-heridos-son-policias-y-de-fiscalia","status":"publish","type":"post","link":"https:\/\/zonaroja.com.mx\/?p=57462","title":{"rendered":"\u201cNarcoterror\u201d en Jalisco: 3 muertos y 10 heridos, son polic\u00edas y de Fiscal\u00eda\u00a0"},"content":{"rendered":"\n<p>Redacci\u00f3n\/Zona Roja Cdmx.<\/p>\n\n\n\n<p>Ciudad de M\u00e9xico, a 12 de julio de 2023.- Personal de la polic\u00eda municipal de Tlajomulco y de la Fiscal\u00eda de Jalisco fue atacado anoche con artefactos explosivos, los cuales provocaron la muerte de al menos tres uniformados.<\/p>\n\n\n\n<p>El gobernador de Jalisco, Enrique Alfaro, inform\u00f3 que \u201cel cobarde ataque\u201d dej\u00f3 tambi\u00e9n 10 personas lesionadas.<\/p>\n\n\n\n<p>\u201cSe trata de un hecho sin precedentes que pone de manifiesto de lo que son capaces estos grupos de la delincuencia organizada\u201d, se\u00f1al\u00f3 el mandatario.<\/p>\n\n\n\n<p>\u201cEste ataque representa tambi\u00e9n un desaf\u00edo contra el Estado mexicano en su conjunto. El gabinete de Seguridad de Jalisco est\u00e1 en sesi\u00f3n permanente\u201d, agreg\u00f3.<\/p>\n\n\n\n<p>La Fiscal\u00eda estatal ya lleva a cabo las investigaciones correspondientes para dar con los responsables.<\/p>\n\n\n\n<p>De acuerdo con la plataforma Presencia Criminal en M\u00e9xico , elaborado por el Centro de Investigaci\u00f3n y Docencia Econ\u00f3micas (CIDE), en Jalisco se tiene identificada la presencia criminal de seis organizaciones del crimen organizado: el C\u00e1rtel Jalisco Nueva Generaci\u00f3n (CJNG), Los Cuinis, C\u00e1rtel de Sinaloa, La Nueva Familia Michoacana, Los Guerreros y C\u00e1rtel nueva Plaza.<\/p>\n\n\n\n<p>Es el CJNG el que mantiene el dominio en ese territorio, est\u00e1 presente en todo el estado, mientras que el C\u00e1rtel de Sinaloa en cuatro municipios, y el Nueva Plaza solo en tres.<\/p>\n\n\n\n<p>En los \u00faltimos a\u00f1os, la violencia ha escalado en ese estado gobernado por el emecista Enrique Alfaro. Masacres, desapariciones, feminicidios&#8230; Eso ocurre en una de las entidades m\u00e1s violentas del pa\u00eds.<\/p>\n\n\n\n<p>A finales de junio, elementos de la Guardia Nacional recibieron una denuncia an\u00f3nima de un veh\u00edculo sospechoso que se encontraba abandonado en la comunidad Sauz Villase\u00f1or, del municipio de Celaya, Guanajuato, sin embargo, cuando fueron a inspeccionarlo, este estall\u00f3 dejando a varios de ellos lesionados.<\/p>\n\n\n\n<p>(Informaci\u00f3n de \u201cExpansi\u00f3n Pol\u00edtica\u201d)<\/p>\n","protected":false},"excerpt":{"rendered":"<p>Redacci\u00f3n\/Zona Roja Cdmx. Ciudad de M\u00e9xico, a 12 de julio de 2023.- Personal de la&hellip;<\/p>\n","protected":false},"author":2,"featured_media":57463,"comment_status":"closed","ping_status":"open","sticky":false,"template":"","format":"standard","meta":{"_lmt_disableupdate":"","_lmt_disable":"","_jetpack_memberships_contains_paid_content":false,"footnotes":""},"categories":[109,47],"tags":[3564],"class_list":["post-57462","post","type-post","status-publish","format-standard","has-post-thumbnail","hentry","category-minuto-a-minuto","category-zona-gris","tag-jalisco"],"jetpack_featured_media_url":"https:\/\/zonaroja.com.mx\/wp-content\/uploads\/2023\/07\/Explosivo-Jalisco-Fiscalia.png","jetpack_sharing_enabled":true,"_links":{"self":[{"href":"https:\/\/zonaroja.com.mx\/index.php?rest_route=\/wp\/v2\/posts\/57462","targetHints":{"allow":["GET"]}}],"collection":[{"href":"https:\/\/zonaroja.com.mx\/index.php?rest_route=\/wp\/v2\/posts"}],"about":[{"href":"https:\/\/zonaroja.com.mx\/index.php?rest_route=\/wp\/v2\/types\/post"}],"author":[{"embeddable":true,"href":"https:\/\/zonaroja.com.mx\/index.php?rest_route=\/wp\/v2\/users\/2"}],"replies":[{"embeddable":true,"href":"https:\/\/zonaroja.com.mx\/index.php?rest_route=%2Fwp%2Fv2%2Fcomments&post=57462"}],"version-history":[{"count":1,"href":"https:\/\/zonaroja.com.mx\/index.php?rest_route=\/wp\/v2\/posts\/57462\/revisions"}],"predecessor-version":[{"id":57464,"href":"https:\/\/zonaroja.com.mx\/index.php?rest_route=\/wp\/v2\/posts\/57462\/revisions\/57464"}],"wp:featuredmedia":[{"embeddable":true,"href":"https:\/\/zonaroja.com.mx\/index.php?rest_route=\/wp\/v2\/media\/57463"}],"wp:attachment":[{"href":"https:\/\/zonaroja.com.mx\/index.php?rest_route=%2Fwp%2Fv2%2Fmedia&parent=57462"}],"wp:term":[{"taxonomy":"category","embeddable":true,"href":"https:\/\/zonaroja.com.mx\/index.php?rest_route=%2Fwp%2Fv2%2Fcategories&post=57462"},{"taxonomy":"post_tag","embeddable":true,"href":"https:\/\/zonaroja.com.mx\/index.php?rest_route=%2Fwp%2Fv2%2Ftags&post=57462"}],"curies":[{"name":"wp","href":"https:\/\/api.w.org\/{rel}","templated":true}]}}