{"id":57467,"date":"2023-07-12T12:30:00","date_gmt":"2023-07-12T17:30:00","guid":{"rendered":"http:\/\/www.zonaroja.com.mx\/?p=57467"},"modified":"2023-07-12T07:45:50","modified_gmt":"2023-07-12T12:45:50","slug":"en-ascenso-violencia-en-matias-romero-hasta-contra-funcionarios","status":"publish","type":"post","link":"https:\/\/zonaroja.com.mx\/?p=57467","title":{"rendered":"En ascenso violencia en Mat\u00edas Romero; hasta contra funcionarios"},"content":{"rendered":"\n<p>Yuridiana Sosa\/Zona Roja.<\/p>\n\n\n\n<p>Oaxaca de Ju\u00e1rez, Oax., a 12 de julio de 2023.- La ola de hechos violentos en el municipio de Mat\u00edas Romero de Avenda\u00f1o, en la regi\u00f3n del Istmo, va en aumento conforme transcurre el a\u00f1o y en comparaci\u00f3n al 2022.<\/p>\n\n\n\n<p>De acuerdo con el Secretariado Ejecutivo del Sistema de Seguridad P\u00fablica (SESNSP), la incidencia delictiva de homicidios dolosos ha crecido en un 44.4 por ciento entre enero y mayo de 2023 en comparaci\u00f3n al mismo periodo del 2022.<\/p>\n\n\n\n<p>El reporte oficial, al corte al mes de mayo de este a\u00f1o, indic\u00f3 que se hab\u00edan cometido 13 homicidios dolosos, de los que 12 fueron con el uso de arma de fuego y uno con arma blanca; mientras que en ese mismo lapso del a\u00f1o anterior fueron nueve, todos con el uso de arma de fuego.<\/p>\n\n\n\n<p>Pero los homicidios llegan a 14 si se contabiliza el delito m\u00e1s reciente ocurrido este 10 de julio contra el funcionario municipal Jes\u00fas Emmanuel A., director de Servicios Municipales del ayuntamiento que preside la edil surgida de Morena, Obdulia Garc\u00eda.<\/p>\n\n\n\n<p>El servidor p\u00fablico fue acribillado con armas de grueso calibre y hasta el momento no se ha revelado el m\u00f3vil del crimen. Sin embargo, la semana pasada, un grupo delictivo coloc\u00f3 en ese municipio una \u201cnarcomanta\u201d, en que se\u00f1alaba a funcionarios del ayuntamiento de diversos il\u00edcitos y lanzaba advertencias.<\/p>\n\n\n\n<p>Los datos del SESNSP indican que hasta julio de 2022 este municipio istme\u00f1o sum\u00f3 12 homicidios dolosos, lo que indica un aumento del 16.6 por ciento comparado al presente a\u00f1o.<\/p>\n\n\n\n<p>Respecto a los feminicidios, este a\u00f1o se contabiliz\u00f3 un hecho en el mes de enero, mientras que en el 2022 no se registr\u00f3 ning\u00fan hecho de este tipo en todo el a\u00f1o.<\/p>\n\n\n\n<p>Por el delito de lesiones dolosas, la cuenta de este a\u00f1o es de 21 hechos violentos al mes de mayo, lo que indica una baja en comparaci\u00f3n al 2022, cuando se presentaron 31 sucesos de este tipo.<\/p>\n","protected":false},"excerpt":{"rendered":"<p>Yuridiana Sosa\/Zona Roja. Oaxaca de Ju\u00e1rez, Oax., a 12 de julio de 2023.- La ola&hellip;<\/p>\n","protected":false},"author":2,"featured_media":2967,"comment_status":"closed","ping_status":"open","sticky":false,"template":"","format":"standard","meta":{"_lmt_disableupdate":"","_lmt_disable":"","_jetpack_memberships_contains_paid_content":false,"footnotes":""},"categories":[109,47],"tags":[228],"class_list":["post-57467","post","type-post","status-publish","format-standard","has-post-thumbnail","hentry","category-minuto-a-minuto","category-zona-gris","tag-matias-romero-avendano"],"jetpack_featured_media_url":"https:\/\/zonaroja.com.mx\/wp-content\/uploads\/2019\/08\/Mat\u00edas-Romero.jpg","jetpack_sharing_enabled":true,"_links":{"self":[{"href":"https:\/\/zonaroja.com.mx\/index.php?rest_route=\/wp\/v2\/posts\/57467","targetHints":{"allow":["GET"]}}],"collection":[{"href":"https:\/\/zonaroja.com.mx\/index.php?rest_route=\/wp\/v2\/posts"}],"about":[{"href":"https:\/\/zonaroja.com.mx\/index.php?rest_route=\/wp\/v2\/types\/post"}],"author":[{"embeddable":true,"href":"https:\/\/zonaroja.com.mx\/index.php?rest_route=\/wp\/v2\/users\/2"}],"replies":[{"embeddable":true,"href":"https:\/\/zonaroja.com.mx\/index.php?rest_route=%2Fwp%2Fv2%2Fcomments&post=57467"}],"version-history":[{"count":1,"href":"https:\/\/zonaroja.com.mx\/index.php?rest_route=\/wp\/v2\/posts\/57467\/revisions"}],"predecessor-version":[{"id":57468,"href":"https:\/\/zonaroja.com.mx\/index.php?rest_route=\/wp\/v2\/posts\/57467\/revisions\/57468"}],"wp:featuredmedia":[{"embeddable":true,"href":"https:\/\/zonaroja.com.mx\/index.php?rest_route=\/wp\/v2\/media\/2967"}],"wp:attachment":[{"href":"https:\/\/zonaroja.com.mx\/index.php?rest_route=%2Fwp%2Fv2%2Fmedia&parent=57467"}],"wp:term":[{"taxonomy":"category","embeddable":true,"href":"https:\/\/zonaroja.com.mx\/index.php?rest_route=%2Fwp%2Fv2%2Fcategories&post=57467"},{"taxonomy":"post_tag","embeddable":true,"href":"https:\/\/zonaroja.com.mx\/index.php?rest_route=%2Fwp%2Fv2%2Ftags&post=57467"}],"curies":[{"name":"wp","href":"https:\/\/api.w.org\/{rel}","templated":true}]}}