{"id":57469,"date":"2023-07-12T10:30:00","date_gmt":"2023-07-12T15:30:00","guid":{"rendered":"http:\/\/www.zonaroja.com.mx\/?p=57469"},"modified":"2023-07-12T07:49:44","modified_gmt":"2023-07-12T12:49:44","slug":"tribunal-electoral-avala-campana-y-recorridos-de-corcholatas","status":"publish","type":"post","link":"https:\/\/zonaroja.com.mx\/?p=57469","title":{"rendered":"Tribunal Electoral avala campa\u00f1a y recorridos de \u201ccorcholatas\u201d"},"content":{"rendered":"\n<p>Redacci\u00f3n\/Zona Roja Cdmx.<\/p>\n\n\n\n<p>Ciudad de M\u00e9xico, a 12 de julio de 2023.- Por mayor\u00eda de cuatro votos, la Sala Superior del Tribunal Electoral del Poder Judicial de la Federaci\u00f3n (TEPJF) confirm\u00f3 los lineamientos emitidos por la Comisi\u00f3n de Quejas y Denuncias del Instituto Nacional Electoral (INE) que dio \u201cluz verde\u201d a los recorridos y eventos de las \u201ccorcholatas\u201d.<\/p>\n\n\n\n<p>Lo anterior, luego de que el pasado 16 de junio, los integrantes de la Comisi\u00f3n rechazaron las medidas cautelares solicitas por los partidos de la Revoluci\u00f3n Democr\u00e1tica (PRD) y Movimiento Ciudadano (MC), para detener el \u201cproselitismo\u201d de los aspirantes presidenciales de Morena rumbo al 2024.<\/p>\n\n\n\n<p>En esa sesi\u00f3n, los consejeros Rita Bell L\u00f3pez y Jorge Monta\u00f1o rechazaron el sentido del proyecto que propon\u00eda la adopci\u00f3n de medidas cautelares.<\/p>\n\n\n\n<p>A favor del proyecto vot\u00f3 la consejera presidenta Claudia Zavala. Y es que el proyecto de la Unidad T\u00e9cnica de lo Contencioso Electoral establec\u00eda que la realizaci\u00f3n de eventos en espacios abiertos, as\u00ed como las declaraciones sobre posicionamientos electorales, promesas de campa\u00f1a, cargos electorales y solicitudes de voto, podr\u00edan constituir actos proselitistas.<\/p>\n\n\n\n<p>En sesi\u00f3n privada, la Sala Superior del Tribunal ratific\u00f3 este martes lo aprobado por el INE en el sentido de que \u201cno puede detener el proceso y los plazos para la selecci\u00f3n de la Coordinaci\u00f3n Nacional de los Comit\u00e9s de Defensa de la Cuarta Transformaci\u00f3n 2024-2030, pues se trata de un proceso auto-organizativo del partido\u201d.<\/p>\n\n\n\n<p>Tambi\u00e9n confirm\u00f3 la advertencia de que las acciones del partido y las personas participantes en el proceso denunciado podr\u00edan vulnerar la equidad en la contienda.<\/p>\n\n\n\n<p>Por lo tanto, confirm\u00f3 las medidas del INE en las que vincul\u00f3 a Claudia Sheinbaum, Marcelo Ebrard, Ad\u00e1n Augusto L\u00f3pez, Ricardo Monreal, Manuel Velasco y Gerardo Fern\u00e1ndez Noro\u00f1a a respetar los principios de legalidad y equidad frente al proceso para la renovaci\u00f3n de la Presidencia de la Rep\u00fablica.<\/p>\n\n\n\n<p>Les orden\u00f3 que durante sus recorridos por el pa\u00eds, no hagan llamados a favor o en contra persona o fuerza pol\u00edtica alguna y que los actos que realicen no deben tener como objetivo el obtener el respaldo para ser postuladas como precandidatas a un cargo de elecci\u00f3n popular.<\/p>\n\n\n\n<p>De igual forma, les pidi\u00f3 que la propaganda que, en el caso, se exponga en los actos que se realicen no debe tener el prop\u00f3sito de dar a conocer propuestas relacionadas con alguna aspiraci\u00f3n de car\u00e1cter electoral.<\/p>\n\n\n\n<p>Por el contrario, la misma deber\u00e1 contener, de forma clara y visible, el proceso al que va dirigida, es decir, al proceso de selecci\u00f3n de la Coordinaci\u00f3n de Defensa de la Transformaci\u00f3n (CDT).<\/p>\n\n\n\n<p>(Informaci\u00f3n de \u201cExpansi\u00f3n Pol\u00edtica\u201d)<\/p>\n","protected":false},"excerpt":{"rendered":"<p>Redacci\u00f3n\/Zona Roja Cdmx. Ciudad de M\u00e9xico, a 12 de julio de 2023.- Por mayor\u00eda de&hellip;<\/p>\n","protected":false},"author":2,"featured_media":56540,"comment_status":"closed","ping_status":"open","sticky":false,"template":"","format":"standard","meta":{"_lmt_disableupdate":"","_lmt_disable":"","_jetpack_memberships_contains_paid_content":false,"footnotes":""},"categories":[109,47],"tags":[2844],"class_list":["post-57469","post","type-post","status-publish","format-standard","has-post-thumbnail","hentry","category-minuto-a-minuto","category-zona-gris","tag-tribunal-electoral-del-poder-judicial-de-la-federacion-tepjf"],"jetpack_featured_media_url":"https:\/\/zonaroja.com.mx\/wp-content\/uploads\/2023\/06\/Corcholatas-aspirantes-Morena-presidenciales-candidatos.jpeg","jetpack_sharing_enabled":true,"_links":{"self":[{"href":"https:\/\/zonaroja.com.mx\/index.php?rest_route=\/wp\/v2\/posts\/57469","targetHints":{"allow":["GET"]}}],"collection":[{"href":"https:\/\/zonaroja.com.mx\/index.php?rest_route=\/wp\/v2\/posts"}],"about":[{"href":"https:\/\/zonaroja.com.mx\/index.php?rest_route=\/wp\/v2\/types\/post"}],"author":[{"embeddable":true,"href":"https:\/\/zonaroja.com.mx\/index.php?rest_route=\/wp\/v2\/users\/2"}],"replies":[{"embeddable":true,"href":"https:\/\/zonaroja.com.mx\/index.php?rest_route=%2Fwp%2Fv2%2Fcomments&post=57469"}],"version-history":[{"count":1,"href":"https:\/\/zonaroja.com.mx\/index.php?rest_route=\/wp\/v2\/posts\/57469\/revisions"}],"predecessor-version":[{"id":57470,"href":"https:\/\/zonaroja.com.mx\/index.php?rest_route=\/wp\/v2\/posts\/57469\/revisions\/57470"}],"wp:featuredmedia":[{"embeddable":true,"href":"https:\/\/zonaroja.com.mx\/index.php?rest_route=\/wp\/v2\/media\/56540"}],"wp:attachment":[{"href":"https:\/\/zonaroja.com.mx\/index.php?rest_route=%2Fwp%2Fv2%2Fmedia&parent=57469"}],"wp:term":[{"taxonomy":"category","embeddable":true,"href":"https:\/\/zonaroja.com.mx\/index.php?rest_route=%2Fwp%2Fv2%2Fcategories&post=57469"},{"taxonomy":"post_tag","embeddable":true,"href":"https:\/\/zonaroja.com.mx\/index.php?rest_route=%2Fwp%2Fv2%2Ftags&post=57469"}],"curies":[{"name":"wp","href":"https:\/\/api.w.org\/{rel}","templated":true}]}}