{"id":57471,"date":"2023-07-12T13:49:00","date_gmt":"2023-07-12T18:49:00","guid":{"rendered":"http:\/\/www.zonaroja.com.mx\/?p=57471"},"modified":"2023-07-12T07:52:57","modified_gmt":"2023-07-12T12:52:57","slug":"opinion-guelaguetza-para-el-ambulantaje","status":"publish","type":"post","link":"https:\/\/zonaroja.com.mx\/?p=57471","title":{"rendered":"Opini\u00f3n. Guelaguetza para el ambulantaje"},"content":{"rendered":"\n<p>N\u00e9stor Y. S\u00e1nchez Islas.<\/p>\n\n\n\n<p>De acuerdo con informaci\u00f3n publicada, adem\u00e1s del ambulantaje tolerado en las diferentes calles y plazas de la ciudad, el H. Ayuntamiento tuvo a bien autorizar otros 300 puestos&nbsp;adem\u00e1s de&nbsp;las acostumbradas ferias comerciales que se apoderan de cada plaza p\u00fablica.<\/p>\n\n\n\n<p>Hay fuerte inconformidad. Anteriormente fueron solo los comerciantes establecidos quienes protestaban. Hoy lo hacen quienes viven en los alrededores, como es el caso de la zona de Santo Domingo o de las escaleras del Fort\u00edn.&nbsp;Se comprende el rechazo vecinal a tan absurdos planes.<\/p>\n\n\n\n<p>La autoridad pretende justificar su decisi\u00f3n en falsas&nbsp;pol\u00edticas&nbsp;sociales. De acuerdo con el Ayuntamiento, se trata de apoyar a los artesanos para que comercialicen sus productos en la temporada tur\u00edstica. Es falso, la mayor\u00eda de los comerciantes no son productores de nada sino simples intermediarios y, en muchos de esos puestos se vende artesan\u00eda pirata.<\/p>\n\n\n\n<p>Las \u201cexpoferias\u201d que en un principio llamaban la atenci\u00f3n y serv\u00edan para venta y promoci\u00f3n hoy solo son un jugoso negocio. Quienes las organizan argumentan que se trata de apoyar a peque\u00f1os productores. La realidad es que son aut\u00e9nticos buitres que, en nombre de ellos obtienen el permiso, pagan una peque\u00f1a cuota, rentan las lonas m\u00e1s baratas, pero a los productores les venden los espacios en cantidades que llegan a los 10 mil pesos cada uno.<\/p>\n\n\n\n<p>Tambi\u00e9n,&nbsp;con&nbsp;informaci\u00f3n&nbsp;que es&nbsp;de dominio p\u00fablico, se sabe que el importe de esos permisos ni siquiera se entera por completo a la Tesorer\u00eda Municipal&nbsp;y se responsabiliza de ello a quienes siendo funcionarios municipales son tambi\u00e9n l\u00edderes de agrupaciones&nbsp;de&nbsp;ambulantes.<\/p>\n\n\n\n<p>Como ciudadanos&nbsp;esperar\u00edamos&nbsp;que la autoridad&nbsp;cumpliera&nbsp;con su deber. Y uno de ellos est\u00e1 en la protecci\u00f3n de sus sitios y edificios hist\u00f3ricos y de que la econom\u00eda formal, la que le aporta recursos, tenga las condiciones para desarrollarse. Sin embargo, la realidad es que, en lugar de favorecer a sus contribuyentes, desde el ayuntamiento se tolera y se promueve la informalidad y la invasi\u00f3n de&nbsp;ambulantes de otros&nbsp;municipios.&nbsp;<\/p>\n\n\n\n<p>La \u201cFeria del tamal y del tejate\u201d es un claro ejemplo de la falta de congruencia municipal. Huay\u00e1pam tiene todo lo necesario para realizarla en su plaza principal. Ese ayuntamiento vecino es uno de los m\u00e1s abusivos contra sus avecindados. Por simple reciprocidad, nuestra autoridad municipal deber\u00eda exigir&nbsp;a&nbsp;esa comunidad, y sus comuneros,&nbsp;el respeto a la dignidad y derechos humanos de quienes decidieron mudarse ah\u00ed.<\/p>\n\n\n\n<p>Existen muchas tiendas de artesan\u00edas en el centro hist\u00f3rico. Detr\u00e1s de cada tienda existe un gran esfuerzo del emprendedor que est\u00e1&nbsp;en&nbsp;el mostrador. Todas las artesan\u00edas de Oaxaca est\u00e1n disponibles. El mismo gobierno tiene la tienda Aripo y, algunos aut\u00e9nticos productores organizados en colectivos han rentado locales en el centro para ofrecer sus productos. A cambio, se reparten los gastos de operaci\u00f3n.&nbsp;Todos ellos est\u00e1n dentro de la econom\u00eda formal, la que aporta y contribuye. Pero el municipio no lo quiere ver porque no significan votos&nbsp;para su partido.<\/p>\n\n\n\n<p>En el modelo econ\u00f3mico de la informalidad nuestro estado est\u00e1 en primer lugar. O en el \u00faltimo en econom\u00eda formal, como usted quiera verlo.&nbsp;El cacareado \u201cmodelo Oaxaca\u201d de la pareja Murat, que convirti\u00f3 las fiestas de los Lunes del Cerro en el escaparate de sus vanidad, no sirvi\u00f3 para nada. La \u201cprimavera oaxaque\u00f1a\u201d parece que va al otro extremo en que m\u00e1s que popular quiere convertir las fiestas en una pachanga populachera con calles llenas de puestos de&nbsp;fritangas,&nbsp;artesan\u00edas&nbsp;pirata,&nbsp;venta&nbsp;y consumo&nbsp;de alcohol&nbsp;por todos lados.<\/p>\n\n\n\n<p>No queremos una Guelaguetza&nbsp;dise\u00f1ada&nbsp;para que el ambulantaje, y&nbsp;que&nbsp;sus l\u00edderes, sean los ganones.&nbsp;La informalidad laboral y econ\u00f3mica no deben ser pol\u00edtica p\u00fablica en aras de mantener a su clientela electoral. La ultra comercializaci\u00f3n de la Guelaguetza de la pareja Murat les hizo mucho da\u00f1o a las tradiciones. Las torci\u00f3 a capricho, como fue el encumbramiento de los \u201ctiliches\u201d o la difusi\u00f3n a conveniencia de tallas de madera,&nbsp;los&nbsp;falsos alebrijes.<\/p>\n\n\n\n<p>La obligaci\u00f3n primaria del ayuntamiento&nbsp;capitalino&nbsp;es con sus ciudadanos,&nbsp;proteger&nbsp;a sus&nbsp;contribuyentes y con la propia ciudad. Los escasos recursos deben aplicarse&nbsp;en obras y servicios,&nbsp;y no para&nbsp;proyectos&nbsp;de futurismo pol\u00edtico&nbsp;y clientela electoral.<\/p>\n\n\n\n<p>OAXACA Y SUS C\u00c1RTELES.<\/p>\n\n\n\n<p>La existencia de c\u00e1rteles delictivos aumenta en Oaxaca.&nbsp;No solo los que ofrecen plata o plomo, tambi\u00e9n tenemos al conocido \u201cc\u00e1rtel del despojo\u201d, un grupo de delincuentes de cuello blanco que, protegidos desde las alturas del poder, han gozado de impunidad. A esos c\u00e1rteles hay que sumar el \u201cc\u00e1rtel del arte\u201d, de acuerdo con&nbsp;lo que declar\u00f3&nbsp;Geovany V\u00e1squez Sagrero,&nbsp;consejero jur\u00eddico del gobierno&nbsp;estatal,&nbsp;al momento de la recuperaci\u00f3n de MACO. Ya metidos en esas cuestiones, tambi\u00e9n podr\u00eda existir el \u201cc\u00e1rtel de la gastronom\u00eda\u201d,&nbsp;el \u201cc\u00e1rtel de las artesan\u00edas\u201d&nbsp;y el&nbsp;\u201cc\u00e1rtel del&nbsp;mezcal\u201d. El gobierno deber\u00eda&nbsp;investigarlo.<\/p>\n\n\n\n<p>nestoryuri@yahoo.com<\/p>\n","protected":false},"excerpt":{"rendered":"<p>N\u00e9stor Y. S\u00e1nchez Islas. De acuerdo con informaci\u00f3n publicada, adem\u00e1s del ambulantaje tolerado en las&hellip;<\/p>\n","protected":false},"author":2,"featured_media":41861,"comment_status":"closed","ping_status":"open","sticky":false,"template":"","format":"standard","meta":{"_lmt_disableupdate":"","_lmt_disable":"","_jetpack_memberships_contains_paid_content":false,"footnotes":""},"categories":[456,109],"tags":[3050],"class_list":["post-57471","post","type-post","status-publish","format-standard","has-post-thumbnail","hentry","category-columna","category-minuto-a-minuto","tag-nestor-yuri-sanchez"],"jetpack_featured_media_url":"https:\/\/zonaroja.com.mx\/wp-content\/uploads\/2022\/05\/Opinion-Nestor-Yuri-Sanchez-Islas.jpg","jetpack_sharing_enabled":true,"_links":{"self":[{"href":"https:\/\/zonaroja.com.mx\/index.php?rest_route=\/wp\/v2\/posts\/57471","targetHints":{"allow":["GET"]}}],"collection":[{"href":"https:\/\/zonaroja.com.mx\/index.php?rest_route=\/wp\/v2\/posts"}],"about":[{"href":"https:\/\/zonaroja.com.mx\/index.php?rest_route=\/wp\/v2\/types\/post"}],"author":[{"embeddable":true,"href":"https:\/\/zonaroja.com.mx\/index.php?rest_route=\/wp\/v2\/users\/2"}],"replies":[{"embeddable":true,"href":"https:\/\/zonaroja.com.mx\/index.php?rest_route=%2Fwp%2Fv2%2Fcomments&post=57471"}],"version-history":[{"count":1,"href":"https:\/\/zonaroja.com.mx\/index.php?rest_route=\/wp\/v2\/posts\/57471\/revisions"}],"predecessor-version":[{"id":57472,"href":"https:\/\/zonaroja.com.mx\/index.php?rest_route=\/wp\/v2\/posts\/57471\/revisions\/57472"}],"wp:featuredmedia":[{"embeddable":true,"href":"https:\/\/zonaroja.com.mx\/index.php?rest_route=\/wp\/v2\/media\/41861"}],"wp:attachment":[{"href":"https:\/\/zonaroja.com.mx\/index.php?rest_route=%2Fwp%2Fv2%2Fmedia&parent=57471"}],"wp:term":[{"taxonomy":"category","embeddable":true,"href":"https:\/\/zonaroja.com.mx\/index.php?rest_route=%2Fwp%2Fv2%2Fcategories&post=57471"},{"taxonomy":"post_tag","embeddable":true,"href":"https:\/\/zonaroja.com.mx\/index.php?rest_route=%2Fwp%2Fv2%2Ftags&post=57471"}],"curies":[{"name":"wp","href":"https:\/\/api.w.org\/{rel}","templated":true}]}}