{"id":57473,"date":"2023-07-12T11:53:00","date_gmt":"2023-07-12T16:53:00","guid":{"rendered":"http:\/\/www.zonaroja.com.mx\/?p=57473"},"modified":"2023-07-12T07:58:25","modified_gmt":"2023-07-12T12:58:25","slug":"caso-negligencia-imss-detienen-a-camillero-por-muerte-de-menor-en-elevador","status":"publish","type":"post","link":"https:\/\/zonaroja.com.mx\/?p=57473","title":{"rendered":"Caso negligencia IMSS: detienen a camillero por muerte de menor en elevador"},"content":{"rendered":"\n<p>Redacci\u00f3n\/Zona Roja Cdmx.<\/p>\n\n\n\n<p>Ciudad de M\u00e9xico, a 12 de julio de 2023.- Una ni\u00f1a de seis a\u00f1os muri\u00f3 a consecuencia de una falla en un elevador que fue revisado horas antes por la empresa Soluciones Integrales de Transportaci\u00f3n Vertical en M\u00e9xico, (Sitravem) en el hospital regional de zona n\u00famero 18 del Instituto Mexicano del Seguro Social (IMSS), Playa del Carmen, Quintana Roo.<\/p>\n\n\n\n<p>De acuerdo con el IMSS, alrededor de las 22:00 horas del lunes, la menor, quien ingres\u00f3 un d\u00eda antes por dengue, era trasladada al \u00e1rea de hospitalizaci\u00f3n en una camilla.<\/p>\n\n\n\n<p>Cuando el camillero entraba con la paciente al elevador, \u00e9ste tuvo una falla y empez\u00f3 a ascender al segundo piso sin cerrar las puertas. La camilla qued\u00f3 a la mitad y la menor qued\u00f3 atrapada con las piernas colgando fuera del ascensor.<\/p>\n\n\n\n<p>Trabajadores y otras personas intentaron rescatarla, pero el aparato sigui\u00f3 subiendo hasta que la camilla lleg\u00f3 al techo y prens\u00f3 el cuerpo de la peque\u00f1a.<\/p>\n\n\n\n<p>En videos que usuarios compartieron en redes sociales se observa que fuera del ascensor un hombre intenta jalar la camilla, la cual va subiendo mientras las piernas de la ni\u00f1a cuelgan.<\/p>\n\n\n\n<p>El delegado del IMSS en Quintana Roo, Enrique Leobardo Ure\u00f1a Bogarin, explic\u00f3 que horas antes del accidente t\u00e9cnicos de Sitravem, empresa encargada del mantenimiento a los elevadores, acudieron a dar servicio y una hora despu\u00e9s se marcharon sin dejar indicaciones o alg\u00fan aviso que restringiera el uso del ascensor.<\/p>\n\n\n\n<p>Tras el percance, bomberos acudieron para rescatar a la menor, quien sali\u00f3 con vida; sin embargo, momentos m\u00e1s tarde falleci\u00f3.<\/p>\n\n\n\n<p>Ure\u00f1a Bogarin dijo que el lunes a las 13:10 horas se report\u00f3 una falla del elevador a Sitravem y a las 4 de la tarde se present\u00f3 personal de esa compa\u00f1\u00eda a fin de realizar el diagn\u00f3stico y el mantenimiento correctivo pertinente.<\/p>\n\n\n\n<p>Indic\u00f3 que los elevadores del hospital son marca Hitra y en mayo de 2016, mediante un procedimiento de licitaci\u00f3n p\u00fablica internacional, se adquirieron 181 unidades para todo el pa\u00eds a la empresa Construcciones, en participaci\u00f3n con Abastecimientos y Servicios Industriales del Toro SA de CV, por 558.6 millones de pesos.<\/p>\n\n\n\n<p>El hospital fue inaugurado en 2010 por el entonces presidente Felipe Calder\u00f3n Hinojosa.<\/p>\n\n\n\n<p>La Fiscal\u00eda General del Estado inform\u00f3 que se detuvo al camillero V\u00edctor F. por homicidio culposo y se inici\u00f3 una investigaci\u00f3n para esclarecer la muerte de la menor.<\/p>\n\n\n\n<p>Los padres de la ni\u00f1a interpusieron una denuncia ante el Ministerio P\u00fablico contra quien o quienes resulten responsables y en las pr\u00f3ximas horas el juez determine la situaci\u00f3n legal del arrestado.<\/p>\n\n\n\n<p>(Informaci\u00f3n de \u201cLa Jornada\u201d)<\/p>\n","protected":false},"excerpt":{"rendered":"<p>Redacci\u00f3n\/Zona Roja Cdmx. Ciudad de M\u00e9xico, a 12 de julio de 2023.- Una ni\u00f1a de&hellip;<\/p>\n","protected":false},"author":2,"featured_media":57474,"comment_status":"closed","ping_status":"open","sticky":false,"template":"","format":"standard","meta":{"_lmt_disableupdate":"","_lmt_disable":"","_jetpack_memberships_contains_paid_content":false,"footnotes":""},"categories":[109,47],"tags":[3610],"class_list":["post-57473","post","type-post","status-publish","format-standard","has-post-thumbnail","hentry","category-minuto-a-minuto","category-zona-gris","tag-imss-playa-del-carmen"],"jetpack_featured_media_url":"https:\/\/zonaroja.com.mx\/wp-content\/uploads\/2023\/07\/Muerte-menor-IMSS-Playa-del-Carmen.jpeg","jetpack_sharing_enabled":true,"_links":{"self":[{"href":"https:\/\/zonaroja.com.mx\/index.php?rest_route=\/wp\/v2\/posts\/57473","targetHints":{"allow":["GET"]}}],"collection":[{"href":"https:\/\/zonaroja.com.mx\/index.php?rest_route=\/wp\/v2\/posts"}],"about":[{"href":"https:\/\/zonaroja.com.mx\/index.php?rest_route=\/wp\/v2\/types\/post"}],"author":[{"embeddable":true,"href":"https:\/\/zonaroja.com.mx\/index.php?rest_route=\/wp\/v2\/users\/2"}],"replies":[{"embeddable":true,"href":"https:\/\/zonaroja.com.mx\/index.php?rest_route=%2Fwp%2Fv2%2Fcomments&post=57473"}],"version-history":[{"count":1,"href":"https:\/\/zonaroja.com.mx\/index.php?rest_route=\/wp\/v2\/posts\/57473\/revisions"}],"predecessor-version":[{"id":57475,"href":"https:\/\/zonaroja.com.mx\/index.php?rest_route=\/wp\/v2\/posts\/57473\/revisions\/57475"}],"wp:featuredmedia":[{"embeddable":true,"href":"https:\/\/zonaroja.com.mx\/index.php?rest_route=\/wp\/v2\/media\/57474"}],"wp:attachment":[{"href":"https:\/\/zonaroja.com.mx\/index.php?rest_route=%2Fwp%2Fv2%2Fmedia&parent=57473"}],"wp:term":[{"taxonomy":"category","embeddable":true,"href":"https:\/\/zonaroja.com.mx\/index.php?rest_route=%2Fwp%2Fv2%2Fcategories&post=57473"},{"taxonomy":"post_tag","embeddable":true,"href":"https:\/\/zonaroja.com.mx\/index.php?rest_route=%2Fwp%2Fv2%2Ftags&post=57473"}],"curies":[{"name":"wp","href":"https:\/\/api.w.org\/{rel}","templated":true}]}}